{"id":14731,"date":"2020-07-10T17:30:36","date_gmt":"2020-07-10T20:30:36","guid":{"rendered":"http:\/\/blogs.correiobraziliense.com.br\/vicente\/?p=14731"},"modified":"2020-07-10T17:30:36","modified_gmt":"2020-07-10T20:30:36","slug":"b3-consegue-fechar-acima-de-100-mil-pontos","status":"publish","type":"post","link":"https:\/\/blogs2.correiobraziliense.com.br\/vicente\/b3-consegue-fechar-acima-de-100-mil-pontos\/","title":{"rendered":"Bovespa consegue fechar acima de 100 mil pontos"},"content":{"rendered":"<h2>ROSANA HESSEL<\/h2>\n<h2><\/h2>\n<h2>Ap\u00f3s abrir o preg\u00e3o em queda e registrar oscila\u00e7\u00f5es em torno dos 99 mil pontos ao longo do dia, a Bolsa de Valores de S\u00e3o Paulo (B3) deu um g\u00e1s nos \u00faltimos minutos de preg\u00e3o desta sexta-feira (10\/07) e conseguiu romper a barreira de 100 mil pontos, embalada mais pelo mercado externo. O patamar foi mantido at\u00e9 o encerramento das negocia\u00e7\u00f5es. \u00c9 a primeira vez que isso ocorre desde 5 de mar\u00e7o.<\/h2>\n<h2><\/h2>\n<p>&nbsp;<\/p>\n<p>&#8220;O impulso hoje veio de fora. A empresa Gilead divulgou que o remdesivir reduziu em 62% a mortalidade em pacientes com casos graves da doen\u00e7a&#8221;, destacou Gustavo Cruz, estrategista da\u00a0 RB Investimentos. &#8220;Esse \u00e9 sempre o ponto positivo no radar, mesmo que o processo das vacinas s\u00f3 tenham alguma previs\u00e3o de conclus\u00e3o para outubro. Aparecendo algum tratamento com resposta boa, investidores ficam mais aliviados&#8221;, destacou.<\/p>\n<p>&nbsp;<\/p>\n<p>O \u00cdndice Bovespa, principal indicador da B3, encerrou o preg\u00e3o com alta de 0,88%, a 100.031 pontos. Na v\u00e9spera, essa barreira foi testada mas n\u00e3o se sustentou por muito tempo. As a\u00e7\u00f5es da CVC Brasil, que anunciou aumento de capital aprovado pelo conselho, e da Cogna, da \u00e1rea de educa\u00e7\u00e3o, lideraram as altas do dia, com valoriza\u00e7\u00f5es de 15,5% e de 12,8%, respectivamente. Outro destaque ficou com a Hering, cujos pap\u00e9is subiram 6%. O d\u00f3lar fechou em queda de 0,31%, cotado a R$ 5,322.<\/p>\n<p>&nbsp;<\/p>\n<p>Na semana o IBovespa acumulou alta de 3,38%, contribuindo para a eleva\u00e7\u00e3o de 5,23% no m\u00eas de julho. O volume financeiro negociado no dia foi de R$ 24,4 bilh\u00f5es. No ano, a B3 ainda est\u00e1 no vermelho, com desvaloriza\u00e7\u00e3o de 13,5%.<\/p>\n<p>&nbsp;<\/p>\n<p>Eduardo Velho, estrategista da INVX Global Brasil, tamb\u00e9m atribuiu ao mercado externo essa melhora na B3 no fim do preg\u00e3o. Ele demonstrou cautela com a aparente retomada do otimismo na Bolsa nesta sexta-feira, pois, o clima de incerteza sobre a recupera\u00e7\u00e3o da economia global ainda persiste. &#8220;O mercado ficou meio de lado, hoje, mas em alta, e acabou acompanhando as bolsas dos Estados Unidos. Mas sabemos que, em algum momento, como a crise da pandemia nos EUA est\u00e1 se aprofundando, haver\u00e1 alguma corre\u00e7\u00e3o&#8221;, alertou.<\/p>\n<p>&nbsp;<\/p>\n<p>Velho lembrou que essa alta da B3 em meio \u00e0 pandemia vem sendo impulsionada pela entrada de investidores dom\u00e9sticos, que partiram para investimentos de risco diante da queda dos juros. A Selic (taxa b\u00e1sica da economia), em 2,25% ao ano, est\u00e1 no menor patamar da hist\u00f3ria e a maioria das aplica\u00e7\u00f5es em renda fixa empata ou perde para a infla\u00e7\u00e3o. Ele refor\u00e7ou que os investidores n\u00e3o residentes n\u00e3o s\u00e3o t\u00e3o confiantes como os brasileiros.\u00a0 &#8220;O fluxo de sa\u00edda de estrangeiros da Bolsa, no acumulado do ano, j\u00e1 encosta em R$ 80 bilh\u00f5es e o d\u00f3lar continua valorizado&#8221;, destacou. Para ele, a volatilidade do mercado financeiro dever\u00e1 continuar, &#8220;apesar de os ru\u00eddos pol\u00edticos terem diminu\u00eddo nos \u00faltimos dias&#8221;.<\/p>\n<p>&nbsp;<\/p>\n<p>As bolsas internacionais tiveram comportamento at\u00edpico. Enquanto as asi\u00e1ticas fecharam no vermelho, as europeias ficaram no azul, embaladas pela expectativa de aprova\u00e7\u00e3o, na semana que vem, de um novo pacote de socorro da Uni\u00e3o Europeia. Em\u00a0Nova York, a Nasdaq, abriu em queda ap\u00f3s renovar m\u00e1ximas por dois dias seguidos, mas acabou se recuperando em ritmo de alta abaixo de 1%. J\u00e1 os \u00edndices Dow Jones e S&amp;P 500 avan\u00e7avam acima de 1%.<\/p>\n<p>&nbsp;<\/p>\n<p>Um dado que n\u00e3o animou os operadores da bolsa paulista logo na abertura do preg\u00e3o foi a queda de 0,9% no setor de servi\u00e7os no m\u00eas de maio em rela\u00e7\u00e3o a abril. Foi a quarta queda consecutiva, de acordo com o Instituto Brasileiro de Geografia e Estat\u00edstica (IBGE). Na compara\u00e7\u00e3o com o mesmo intervalo de 2019, o tombo foi de 19,5%, o maior da s\u00e9rie hist\u00f3rica.\u00a0 O segmento \u00e9 de grande import\u00e2ncia na composi\u00e7\u00e3o dos dados do Produto Interno Bruto (PIB), pois tem um peso em torno de 70%.<\/p>\n<p>&nbsp;<\/p>\n<p>&#8220;Contrariando o visto na ind\u00fastria (0,7%) e no varejo (13,9%), o setor\u00a0de servi\u00e7os teve mais um m\u00eas de contra\u00e7\u00e3o em maio de 0,9%. Ap\u00f3s o\u00a0resultado muito acima do esperado do varejo, o resultado dos servi\u00e7os\u00a0adiciona cautela na avalia\u00e7\u00e3o de que a recupera\u00e7\u00e3o da atividade ser\u00e1 mais\u00a0r\u00e1pida do que o esperado&#8221;, explicou o economista-chefe do Banco Fator, Jos\u00e9 Francisco de Lima Gon\u00e7alves. &#8221; A\u00a0recupera\u00e7\u00e3o n\u00e3o deve ser homog\u00eanea, assim como n\u00e3o foi na recess\u00e3o\u00a0anterior. Ent\u00e3o, o setor de servi\u00e7os foi o \u00faltimo a se recuperar e foi atingido\u00a0pela crise do coronav\u00edrus em situa\u00e7\u00e3o mais fr\u00e1gil em rela\u00e7\u00e3o \u00e0 ind\u00fastria e ao varejo&#8221;, apostou.\u00a0 Ele\u00a0acredita que, na semana que vem, a B3 tem chance de continuar acima de 100 mil pontos, &#8220;mas sem nenhum colapso&#8221;.<\/p>\n<p>&nbsp;<\/p>\n<p>Enquanto isso, a infla\u00e7\u00e3o oficial de junho medida pelo \u00cdndice de Pre\u00e7os ao Consumidor Amplo (IPCA) registrou alta de 0,26%, ficando levemente abaixo do esperado pelo mercado, de 0,30%. Esse resultado do IPCA deixou as taxas dos t\u00edtulos p\u00fablicos negociados via Tesouro Direto sem uma dire\u00e7\u00e3o clara, segundo operadores.<\/p>\n<p>&nbsp;<\/p>\n<p>&nbsp;<\/p>\n","protected":false},"excerpt":{"rendered":"<p>ROSANA HESSEL Ap\u00f3s abrir o preg\u00e3o em queda e registrar oscila\u00e7\u00f5es em torno dos 99 mil pontos ao longo do dia, a Bolsa de Valores de S\u00e3o Paulo (B3) deu um g\u00e1s nos \u00faltimos minutos de preg\u00e3o desta sexta-feira (10\/07) e conseguiu romper a barreira de 100 mil pontos, embalada mais pelo mercado externo. O [&hellip;]<\/p>\n","protected":false},"author":22,"featured_media":0,"comment_status":"open","ping_status":"closed","sticky":false,"template":"","format":"standard","meta":{"wpb_read_more":[],"footnotes":""},"categories":[600],"tags":[2740,2939,2254],"class_list":["post-14731","post","type-post","status-publish","format-standard","hentry","category-economia","tag-b3","tag-bovespa","tag-mercados"],"_links":{"self":[{"href":"https:\/\/blogs2.correiobraziliense.com.br\/vicente\/wp-json\/wp\/v2\/posts\/14731","targetHints":{"allow":["GET"]}}],"collection":[{"href":"https:\/\/blogs2.correiobraziliense.com.br\/vicente\/wp-json\/wp\/v2\/posts"}],"about":[{"href":"https:\/\/blogs2.correiobraziliense.com.br\/vicente\/wp-json\/wp\/v2\/types\/post"}],"author":[{"embeddable":true,"href":"https:\/\/blogs2.correiobraziliense.com.br\/vicente\/wp-json\/wp\/v2\/users\/22"}],"replies":[{"embeddable":true,"href":"https:\/\/blogs2.correiobraziliense.com.br\/vicente\/wp-json\/wp\/v2\/comments?post=14731"}],"version-history":[{"count":0,"href":"https:\/\/blogs2.correiobraziliense.com.br\/vicente\/wp-json\/wp\/v2\/posts\/14731\/revisions"}],"wp:attachment":[{"href":"https:\/\/blogs2.correiobraziliense.com.br\/vicente\/wp-json\/wp\/v2\/media?parent=14731"}],"wp:term":[{"taxonomy":"category","embeddable":true,"href":"https:\/\/blogs2.correiobraziliense.com.br\/vicente\/wp-json\/wp\/v2\/categories?post=14731"},{"taxonomy":"post_tag","embeddable":true,"href":"https:\/\/blogs2.correiobraziliense.com.br\/vicente\/wp-json\/wp\/v2\/tags?post=14731"}],"curies":[{"name":"wp","href":"https:\/\/api.w.org\/{rel}","templated":true}]}}