{"id":14732,"date":"2020-07-10T17:19:03","date_gmt":"2020-07-10T20:19:03","guid":{"rendered":"http:\/\/blogs.correiobraziliense.com.br\/vicente\/?p=14732"},"modified":"2020-07-10T17:19:03","modified_gmt":"2020-07-10T20:19:03","slug":"o-pastor-milton-ribeiro-e-o-novo-ministro-da-educacao","status":"publish","type":"post","link":"https:\/\/blogs2.correiobraziliense.com.br\/vicente\/o-pastor-milton-ribeiro-e-o-novo-ministro-da-educacao\/","title":{"rendered":"O pastor Milton Ribeiro \u00e9 o novo ministro da Educa\u00e7\u00e3o"},"content":{"rendered":"<h2>O pastor evang\u00e9lico Milton Ribeiro \u00e9 o novo ministro da Educa\u00e7\u00e3o. O presidente Jair Bolsonaro j\u00e1 bateu o martelo. Ele foi indicado pelo ministro da Justi\u00e7a, Andr\u00e9 Mendon\u00e7a.<\/h2>\n<p>&nbsp;<\/p>\n<p>Ribeiro \u00e9 membro da Comiss\u00e3o de \u00c9tica P\u00fablica da Presid\u00eancia, \u00e9 ligado \u00e0 Universidade Mackenzie e apresenta no curr\u00edculo doutorado em Educa\u00e7\u00e3o. Ele tem \u00f3timo tr\u00e2nsito com o ministro Alexandre Moraes, do Supremo Tribunal Federal (STF), e com o presidente do PSD, Gilberto Kassab.<\/p>\n<p>&nbsp;<\/p>\n<p>Pastor na Igreja Presbiteriana de Santos, Ribeiro havia conversado com Bolsonaro sobre a possibilidade de assumir a Educa\u00e7\u00e3o na \u00faltima ter\u00e7a-feira (04\/07). Ser\u00e1 a quarta pessoa a ocupar a pasta da Educa\u00e7\u00e3o.<\/p>\n<p>&nbsp;<\/p>\n<p>Bolsonaro usou as redes sociais para anunciar a escolha de Ribeiro. &#8220;Indiquei o Professor Milton Ribeiro para ser o titular do Minist\u00e9rio da Educa\u00e7\u00e3o.\u00a0Doutor em Educac\u0327a\u0303o pela USP, mestre em Direito pela Universidade Presbiteriana Mackenzie e graduado em Direito e Teologia.\u00a0Desde maio de 2019, e\u0301 membro da Comissa\u0303o de E\u0301tica da Preside\u0302ncia da Repu\u0301blica&#8221;, escreveu.<\/p>\n<p>&nbsp;<\/p>\n<p><strong>Ribeiro \u00e9 terrivelmente evang\u00e9lico<\/strong><\/p>\n<p>&nbsp;<\/p>\n<p>Ribeiro n\u00e3o era o nome preferido dos militares, mas tamb\u00e9m n\u00e3o \u00e9 visto como grande problema pela caserna. O pastor agrada muito a ala mais conservadora do governo. Ele \u00e9 considerado &#8220;terrivelmente evang\u00e9lico&#8221;.<\/p>\n<p>&nbsp;<\/p>\n<p>O Minist\u00e9rio da Educa\u00e7\u00e3o est\u00e1 sem titular h\u00e1 quase um m\u00eas, desde que Abraham Weintraub foi demitido numa estrat\u00e9gia de Bolsonaro de tentar apaziguar os \u00e2nimos com o Supremo Tribunal Federal.<\/p>\n<p>&nbsp;<\/p>\n<p>O presidente chegou a nomear Carlos Alberto Decotelli para a Educa\u00e7\u00e3o, mas ele sequer chegou a tomar posse. Foi derrubado depois de uma enxurrada de den\u00fancias de fraudes em seu curr\u00edculo.<\/p>\n","protected":false},"excerpt":{"rendered":"<p>O pastor evang\u00e9lico Milton Ribeiro \u00e9 o novo ministro da Educa\u00e7\u00e3o. O presidente Jair Bolsonaro j\u00e1 bateu o martelo. Ele foi indicado pelo ministro da Justi\u00e7a, Andr\u00e9 Mendon\u00e7a. &nbsp; Ribeiro \u00e9 membro da Comiss\u00e3o de \u00c9tica P\u00fablica da Presid\u00eancia, \u00e9 ligado \u00e0 Universidade Mackenzie e apresenta no curr\u00edculo doutorado em Educa\u00e7\u00e3o. Ele tem \u00f3timo tr\u00e2nsito [&hellip;]<\/p>\n","protected":false},"author":22,"featured_media":14741,"comment_status":"open","ping_status":"closed","sticky":false,"template":"","format":"standard","meta":{"wpb_read_more":[],"footnotes":""},"categories":[600],"tags":[2554,2238,4723,4724,914,3032],"class_list":["post-14732","post","type-post","status-publish","format-standard","has-post-thumbnail","hentry","category-economia","tag-bolsonaro","tag-educacao","tag-evangelico","tag-milton-ribeiro","tag-ministro","tag-nomeacao"],"_links":{"self":[{"href":"https:\/\/blogs2.correiobraziliense.com.br\/vicente\/wp-json\/wp\/v2\/posts\/14732","targetHints":{"allow":["GET"]}}],"collection":[{"href":"https:\/\/blogs2.correiobraziliense.com.br\/vicente\/wp-json\/wp\/v2\/posts"}],"about":[{"href":"https:\/\/blogs2.correiobraziliense.com.br\/vicente\/wp-json\/wp\/v2\/types\/post"}],"author":[{"embeddable":true,"href":"https:\/\/blogs2.correiobraziliense.com.br\/vicente\/wp-json\/wp\/v2\/users\/22"}],"replies":[{"embeddable":true,"href":"https:\/\/blogs2.correiobraziliense.com.br\/vicente\/wp-json\/wp\/v2\/comments?post=14732"}],"version-history":[{"count":0,"href":"https:\/\/blogs2.correiobraziliense.com.br\/vicente\/wp-json\/wp\/v2\/posts\/14732\/revisions"}],"wp:featuredmedia":[{"embeddable":true,"href":"https:\/\/blogs2.correiobraziliense.com.br\/vicente\/wp-json\/wp\/v2\/media\/14741"}],"wp:attachment":[{"href":"https:\/\/blogs2.correiobraziliense.com.br\/vicente\/wp-json\/wp\/v2\/media?parent=14732"}],"wp:term":[{"taxonomy":"category","embeddable":true,"href":"https:\/\/blogs2.correiobraziliense.com.br\/vicente\/wp-json\/wp\/v2\/categories?post=14732"},{"taxonomy":"post_tag","embeddable":true,"href":"https:\/\/blogs2.correiobraziliense.com.br\/vicente\/wp-json\/wp\/v2\/tags?post=14732"}],"curies":[{"name":"wp","href":"https:\/\/api.w.org\/{rel}","templated":true}]}}