{"id":14780,"date":"2020-07-13T18:28:46","date_gmt":"2020-07-13T21:28:46","guid":{"rendered":"https:\/\/blogs2.correiobraziliense.com.br\/vicente\/?p=14780"},"modified":"2020-07-13T18:28:46","modified_gmt":"2020-07-13T21:28:46","slug":"banco-central-esta-dividido-sobre-conducao-de-politica-monetaria","status":"publish","type":"post","link":"https:\/\/blogs2.correiobraziliense.com.br\/vicente\/banco-central-esta-dividido-sobre-conducao-de-politica-monetaria\/","title":{"rendered":"Banco Central est\u00e1 dividido sobre condu\u00e7\u00e3o de pol\u00edtica monet\u00e1ria"},"content":{"rendered":"<p><span style=\"font-weight: 400\">ROSANA HESSEL<\/span><\/p>\n<p>&nbsp;<\/p>\n<p><span style=\"font-weight: 400\">O presidente do Banco Central, Roberto Campos Neto, confirmou para um grupo de investidores que a diretoria da autoridade monet\u00e1ria est\u00e1 dividida sobre a condu\u00e7\u00e3o da pol\u00edtica monet\u00e1ria e a continuidade dos cortes de juros.\u00a0<\/span><\/p>\n<p>&nbsp;<\/p>\n<p><span style=\"font-weight: 400\">\u201cO presidente do BC disse que tem dois grupos, como est\u00e1 nas atas, e ele se mant\u00e9m. Um deles \u00e9 purista, que acha que, como a infla\u00e7\u00e3o est\u00e1 abaixo da meta, o BC tem que seguir a pol\u00edtica de corte de juros. E outro, que \u00e9 menos purista, acredita que \u00e9 preciso tomar cuidado e esperar um pouco mais para continuar esse ciclo de cortes, porque, se a infla\u00e7\u00e3o reverter a queda, o custo poder\u00e1 ser maior\u201d, afirmou ao <\/span><b>Blog <\/b><span style=\"font-weight: 400\">o economista-chefe da Genial Investimentos, que organizou a videoconfer\u00eancia fechada do ministro com representantes do mercado financeiro nesta segunda-feira (13\/07). Segundo ele, Campos Neto n\u00e3o disse de qual grupo ele faz parte.<\/span><\/p>\n<p>&nbsp;<\/p>\n<p><span style=\"font-weight: 400\">A Selic (taxa b\u00e1sica de juros), atualmente em 2,25% ao ano, o menor patamar da hist\u00f3ria. Pelas previs\u00f5es a mediana das estimativas do mercado divulgadas pelo boletim Focus, do BC, a Selic dever\u00e1 encerrar 2020 em 2% ao ano. Esse dado ficou est\u00e1vel em rela\u00e7\u00e3o ao da semana passada. J\u00e1 a estimativa para a infla\u00e7\u00e3o oficial passou de 1,63% para 1,72%, bem abaixo da meta de infla\u00e7\u00e3o estipulada pelo Conselho Monet\u00e1rio Nacional (CMN) de 4%. O Focus ainda revisou de 6,5% para 6,1% a expectativa de retra\u00e7\u00e3o do Produto Interno Bruto (PIB) deste ano devido aos indicadores melhores do que o esperado na semana passada.<\/span><\/p>\n<p>&nbsp;<\/p>\n<p><span style=\"font-weight: 400\">A conversa durou uma hora e Camargo contou que ela foi \u201cmuito positiva\u201d. \u201cO ministro demonstrou bastante otimismo em rela\u00e7\u00e3o \u00e0 retomada da economia. Os dados est\u00e3o vindo melhores do que o esperado e ele disse que o Brasil j\u00e1 fez bastante no combate \u00e0 pandemia\u201d, disse. Ele acrescentou que o ministro admitiu que \u201chouve problemas\u201d na quest\u00e3o da demora para a libera\u00e7\u00e3o do cr\u00e9dito para empresas, mas que isso \u201cest\u00e1 sendo resolvido\u201d.<\/span><\/p>\n<p>&nbsp;<\/p>\n<p>A pr\u00f3xima reuni\u00e3o do Comit\u00ea de Pol\u00edtica Monet\u00e1ria (Copom) est\u00e1 marcada para os dias 4 e 5 de agosto e, nos \u00faltimos encontros, a decis\u00e3o para o corte da Selic foi un\u00e2nime.<\/p>\n<p>&nbsp;<\/p>\n<p><b>Preocupa\u00e7\u00e3o com o fiscal<\/b><\/p>\n<p>&nbsp;<\/p>\n<p><span style=\"font-weight: 400\">O chefe da autoridade monet\u00e1ria reconheceu que com as medidas emergenciais que foram adotadas e que aumentaram os gastos,a maior preocupa\u00e7\u00e3o do governo \u00e9 com a quest\u00e3o fiscal e o cumprimento do teto de gastos em 2021, de acordo com Camargo. \u201cEle falou v\u00e1rias vezes que o fiscal faz toda a diferen\u00e7a \u00e9 que o cumprimento do teto de gastos em 2021 \u00e9 fundamental\u201d, disse. O economista disse que Campos Neto evitou falar sobre aumento de carga tribut\u00e1ria, mas defendeu a manuten\u00e7\u00e3o das reservas internacionais, mas n\u00e3o disse em que patamar. \u201cO ministro falou que acha que \u00e9 importante ter um volume substancial de reservas\u201d, afirmou.<\/span><\/p>\n<p>&nbsp;<\/p>\n<p><span style=\"font-weight: 400\">Com essas declara\u00e7\u00f5es Campos Neto deixou uma quest\u00e3o no ar sobre como o governo conseguir\u00e1 adotar medidas complementares para socorrer os mais vulner\u00e1veis, que enfrentar\u00e3o tempos dif\u00edceis, com aumento do desemprego e da fome no mundo, conforme as previs\u00f5es de organismos internacionais, devido \u00e0 recess\u00e3o global provocada pela covid-19. O programa de renda b\u00e1sica permanente que vem sendo cogitado por especialistas e parlamentares \u00e9 uma op\u00e7\u00e3o que ganha for\u00e7a mas n\u00e3o tem espa\u00e7o fiscal.<\/span><\/p>\n<p>&nbsp;<\/p>\n<p><span style=\"font-weight: 400\">\u201cO ministro comentou sobre a proposta de o governo mudar os programas de transfer\u00eancia de renda. Tem essa discuss\u00e3o, mas a ideia \u00e9 sempre respeitar o teto de gastos. Como o Brasil tem pouco espa\u00e7o fiscal para criar despesa nova, ser\u00e1 preciso tirar de outro lugar. Agora, de onde \u00e9 que o governo vai tirar \u00e9 a grande pergunta sem resposta ainda\u201d, disse Camargo.<\/span><\/p>\n<p>&nbsp;<\/p>\n<p><span style=\"font-weight: 400\">Camargo faz parte de um grupo que vem realizando discuss\u00f5es para o novo programa do governo que pretende ampliar o Bolsa Fam\u00edlia e substituir o aux\u00edlio emergencial de R$ 600, o Renda Brasil. \u201cEssa \u00e9 uma discuss\u00e3o que est\u00e1 no meio do caminho\u201d, afirmou. Ele contou que, al\u00e9m de melhorar o Bolsa Fam\u00edlia, um problema que precisa ser resolvido \u00e9 a quest\u00e3o dos informais no mercado de trabalho e os trabalhadores por conta pr\u00f3pria que est\u00e3o recebendo o aux\u00edlio emergencial que foi ampliado para cinco parcelas, mas ainda n\u00e3o h\u00e1 uma forma de incluir essas pessoas no novo programa de uma forma que o custo seja sustent\u00e1vel fiscalmente. \u201cEssas discuss\u00e3o est\u00e1 sendo levada com cuidado pela equipe econ\u00f4mica, porque ela quer respeitar o teto de gastos\u201d, destacou.<\/span><\/p>\n<p>&nbsp;<\/p>\n<p><span style=\"font-weight: 400\">Pelos c\u00e1lculos do Tesouro Nacional, o custo para o pagamento de cinco parcelas do aux\u00edlio emergencial de R$ 600 dever\u00e1 custar R$ 254 bilh\u00f5es aos cofres da Uni\u00e3o. Apenas essa despesa \u00e9 superior \u00e0 antiga meta fiscal para este ano, de R$ 124,1 bilh\u00f5es de deficit prim\u00e1rio nas contas do governo central, que inclui Tesouro, Banco Central e Previd\u00eancia Social. O or\u00e7amento deste ano previa R$ 29 bilh\u00f5es para o Bolsa Fam\u00edlia.\u00a0<\/span><\/p>\n<p>&nbsp;<\/p>\n<p><span style=\"font-weight: 400\">As estimativas da Institui\u00e7\u00e3o Fiscal Independente (IFI) revelam que, em 2021, o teto de gastos corre s\u00e9rios riscos de ruir sem que novas despesas sejam criadas. A margem para o cumprimento do teto de gastos \u00e9 de R$ 72,3 bilh\u00f5es, abaixo dos R$ 89,9 bilh\u00f5es estimados em despesas discricion\u00e1rias para o custeio do funcionamento da m\u00e1quina p\u00fablica, segundo dados da entidade.<\/span><\/p>\n<p>&nbsp;<\/p>\n","protected":false},"excerpt":{"rendered":"<p>ROSANA HESSEL &nbsp; O presidente do Banco Central, Roberto Campos Neto, confirmou para um grupo de investidores que a diretoria da autoridade monet\u00e1ria est\u00e1 dividida sobre a condu\u00e7\u00e3o da pol\u00edtica monet\u00e1ria e a continuidade dos cortes de juros.\u00a0 &nbsp; \u201cO presidente do BC disse que tem dois grupos, como est\u00e1 nas atas, e ele se [&hellip;]<\/p>\n","protected":false},"author":22,"featured_media":0,"comment_status":"open","ping_status":"closed","sticky":false,"template":"","format":"standard","meta":{"wpb_read_more":[],"footnotes":""},"categories":[600],"tags":[3,4729,14,4,2971,3714,34],"class_list":["post-14780","post","type-post","status-publish","format-standard","hentry","category-economia","tag-banco-central","tag-genial-investimentos","tag-inflacao","tag-juros","tag-politica-monetaria","tag-roberto-campos-neto","tag-selic"],"_links":{"self":[{"href":"https:\/\/blogs2.correiobraziliense.com.br\/vicente\/wp-json\/wp\/v2\/posts\/14780","targetHints":{"allow":["GET"]}}],"collection":[{"href":"https:\/\/blogs2.correiobraziliense.com.br\/vicente\/wp-json\/wp\/v2\/posts"}],"about":[{"href":"https:\/\/blogs2.correiobraziliense.com.br\/vicente\/wp-json\/wp\/v2\/types\/post"}],"author":[{"embeddable":true,"href":"https:\/\/blogs2.correiobraziliense.com.br\/vicente\/wp-json\/wp\/v2\/users\/22"}],"replies":[{"embeddable":true,"href":"https:\/\/blogs2.correiobraziliense.com.br\/vicente\/wp-json\/wp\/v2\/comments?post=14780"}],"version-history":[{"count":1,"href":"https:\/\/blogs2.correiobraziliense.com.br\/vicente\/wp-json\/wp\/v2\/posts\/14780\/revisions"}],"predecessor-version":[{"id":14782,"href":"https:\/\/blogs2.correiobraziliense.com.br\/vicente\/wp-json\/wp\/v2\/posts\/14780\/revisions\/14782"}],"wp:attachment":[{"href":"https:\/\/blogs2.correiobraziliense.com.br\/vicente\/wp-json\/wp\/v2\/media?parent=14780"}],"wp:term":[{"taxonomy":"category","embeddable":true,"href":"https:\/\/blogs2.correiobraziliense.com.br\/vicente\/wp-json\/wp\/v2\/categories?post=14780"},{"taxonomy":"post_tag","embeddable":true,"href":"https:\/\/blogs2.correiobraziliense.com.br\/vicente\/wp-json\/wp\/v2\/tags?post=14780"}],"curies":[{"name":"wp","href":"https:\/\/api.w.org\/{rel}","templated":true}]}}