{"id":14781,"date":"2020-07-13T16:30:40","date_gmt":"2020-07-13T19:30:40","guid":{"rendered":"https:\/\/blogs2.correiobraziliense.com.br\/vicente\/?p=14781"},"modified":"2020-07-13T20:29:15","modified_gmt":"2020-07-13T23:29:15","slug":"pressao-de-militares-para-pazuello-ir-para-a-reserva-vai-aumentar","status":"publish","type":"post","link":"https:\/\/blogs2.correiobraziliense.com.br\/vicente\/pressao-de-militares-para-pazuello-ir-para-a-reserva-vai-aumentar\/","title":{"rendered":"Press\u00e3o de militares para Pazuello ir para a reserva vai aumentar"},"content":{"rendered":"<h2>Tanto o ministro da Defesa, Fernando de Azevedo e Silva, quanto os chefes do Ex\u00e9rcito, da Marinha e a Aeron\u00e1utica v\u00e3o aumentar a press\u00e3o para que o ministro interino da Sa\u00fade, Eduardo Pazuello, v\u00e1 para a reserva. Eles querem restringir ao m\u00e1ximo a associa\u00e7\u00e3o do governo \u00e0s For\u00e7as Armadas.<\/h2>\n<p>&nbsp;<\/p>\n<p>Pazuello \u00e9 general tr\u00eas estrelas da Divis\u00e3o de Intend\u00eancia do Ex\u00e9rcito. Portanto, est\u00e1 no topo de sua carreira, n\u00e3o tem mais como subir na escala da For\u00e7a. Pelas regras, ele n\u00e3o tem direito \u00e0 quarta estrela.<\/p>\n<p>&nbsp;<\/p>\n<p>Segundo integrantes das For\u00e7as Armadas, a press\u00e3o para que Pazuello v\u00e1 para a reserva nada tem a ver com a <a href=\"https:\/\/www.correiobraziliense.com.br\/app\/noticia\/politica\/2020\/07\/11\/interna_politica,871422\/gilmar-mendes-aponta-que-exercito-esta-se-associando-a-genocidio-no.shtml\">crise aberta pelo ministro Gilmar Mendes<\/a>, do Supremo Tribunal Federal (STF). Ele disse que o Ex\u00e9rcito est\u00e1 associado a um &#8220;genoc\u00eddio&#8221; pela falta de a\u00e7\u00e3o da Sa\u00fade para combater a covid-19.<\/p>\n<p>&nbsp;<\/p>\n<p>&#8220;A press\u00e3o vem de antes da crise aberta pelo ministro Gilmar Mendes&#8221;, diz um integrante do alto escal\u00e3o do Ex\u00e9rcito. &#8220;Se Pazuello quiser ficar no minist\u00e9rio, que v\u00e1 para a reserva&#8221;, acrescenta.<\/p>\n<p>&nbsp;<\/p>\n<p>Pazuello j\u00e1 foi aconselhado v\u00e1rias vezes a sair do quadro de generais da ativa. Mas ele afirma que n\u00e3o v\u00ea problemas em conciliar sua atual condi\u00e7\u00e3o na carreira militar com o comando do Minist\u00e9rio da Sa\u00fade.<\/p>\n<p>&nbsp;<\/p>\n<p>N\u00e3o \u00e9 o que pensa o comando das For\u00e7as. &#8220;Se a press\u00e3o valeu para o (Luiz Eduardo) Ramos (ministro da Secretaria de Governo), tem que valer para Pazuello&#8221;, refor\u00e7a o mesmo integrante do Ex\u00e9rcito.<\/p>\n<p>&nbsp;<\/p>\n<p><em>Bras\u00edlia, 16h30min<\/em><\/p>\n","protected":false},"excerpt":{"rendered":"<p>Tanto o ministro da Defesa, Fernando de Azevedo e Silva, quanto os chefes do Ex\u00e9rcito, da Marinha e a Aeron\u00e1utica v\u00e3o aumentar a press\u00e3o para que o ministro interino da Sa\u00fade, Eduardo Pazuello, v\u00e1 para a reserva. Eles querem restringir ao m\u00e1ximo a associa\u00e7\u00e3o do governo \u00e0s For\u00e7as Armadas. &nbsp; Pazuello \u00e9 general tr\u00eas estrelas [&hellip;]<\/p>\n","protected":false},"author":22,"featured_media":14783,"comment_status":"open","ping_status":"closed","sticky":false,"template":"","format":"standard","meta":{"wpb_read_more":[],"footnotes":""},"categories":[600],"tags":[1592,3575,1915,4730,945],"class_list":["post-14781","post","type-post","status-publish","format-standard","has-post-thumbnail","hentry","category-economia","tag-forcas-armadas","tag-general","tag-ministerio-da-saude","tag-pazuello","tag-reserva"],"_links":{"self":[{"href":"https:\/\/blogs2.correiobraziliense.com.br\/vicente\/wp-json\/wp\/v2\/posts\/14781","targetHints":{"allow":["GET"]}}],"collection":[{"href":"https:\/\/blogs2.correiobraziliense.com.br\/vicente\/wp-json\/wp\/v2\/posts"}],"about":[{"href":"https:\/\/blogs2.correiobraziliense.com.br\/vicente\/wp-json\/wp\/v2\/types\/post"}],"author":[{"embeddable":true,"href":"https:\/\/blogs2.correiobraziliense.com.br\/vicente\/wp-json\/wp\/v2\/users\/22"}],"replies":[{"embeddable":true,"href":"https:\/\/blogs2.correiobraziliense.com.br\/vicente\/wp-json\/wp\/v2\/comments?post=14781"}],"version-history":[{"count":3,"href":"https:\/\/blogs2.correiobraziliense.com.br\/vicente\/wp-json\/wp\/v2\/posts\/14781\/revisions"}],"predecessor-version":[{"id":14786,"href":"https:\/\/blogs2.correiobraziliense.com.br\/vicente\/wp-json\/wp\/v2\/posts\/14781\/revisions\/14786"}],"wp:featuredmedia":[{"embeddable":true,"href":"https:\/\/blogs2.correiobraziliense.com.br\/vicente\/wp-json\/wp\/v2\/media\/14783"}],"wp:attachment":[{"href":"https:\/\/blogs2.correiobraziliense.com.br\/vicente\/wp-json\/wp\/v2\/media?parent=14781"}],"wp:term":[{"taxonomy":"category","embeddable":true,"href":"https:\/\/blogs2.correiobraziliense.com.br\/vicente\/wp-json\/wp\/v2\/categories?post=14781"},{"taxonomy":"post_tag","embeddable":true,"href":"https:\/\/blogs2.correiobraziliense.com.br\/vicente\/wp-json\/wp\/v2\/tags?post=14781"}],"curies":[{"name":"wp","href":"https:\/\/api.w.org\/{rel}","templated":true}]}}