{"id":14797,"date":"2020-07-14T10:00:24","date_gmt":"2020-07-14T13:00:24","guid":{"rendered":"https:\/\/blogs2.correiobraziliense.com.br\/vicente\/?p=14797"},"modified":"2020-07-14T16:56:39","modified_gmt":"2020-07-14T19:56:39","slug":"ex-ministros-lancam-carta-em-favor-de-uma-economia-de-baixo-carbono","status":"publish","type":"post","link":"https:\/\/blogs2.correiobraziliense.com.br\/vicente\/ex-ministros-lancam-carta-em-favor-de-uma-economia-de-baixo-carbono\/","title":{"rendered":"Ex-ministros lan\u00e7am carta em favor de uma economia de baixo carbono"},"content":{"rendered":"<p>ROSANA HESSEL<\/p>\n<p>&nbsp;<\/p>\n<p><span style=\"font-weight: 400\">A recess\u00e3o profunda sem precedentes provocada pela pandemia de covid-19 e o descaso do governo Jair Bolsonaro em rela\u00e7\u00e3o \u00e0 preserva\u00e7\u00e3o da Amaz\u00f4nia, que manchou a imagem do pa\u00eds no mundo inteiro, conseguiram unir economistas de linhas ortodoxas e heterodoxas em uma iniciativa in\u00e9dita no pa\u00eds.\u00a0<\/span><\/p>\n<p>&nbsp;<\/p>\n<p><span style=\"font-weight: 400\">Depois de empres\u00e1rios e de fundos estrangeiros se manifestarem em favor do meio ambiente, demonstrando preocupa\u00e7\u00e3o com o aumento do desmatamento no pa\u00eds, ex-ministros da Fazenda e ex-presidentes do Banco Central dos governos da nova democracia elaboraram juntos uma carta endere\u00e7ada \u00e0 sociedade defendendo uma economia de baixas emiss\u00f5es de carbono. No documento, eles colocam a quest\u00e3o ambiental como uma prioridade para o pa\u00eds conseguir entrar em uma rota de crescimento sustent\u00e1vel.<\/span><\/p>\n<p>&nbsp;<\/p>\n<p><span style=\"font-weight: 400\">A carta aberta da iniciativa Converg\u00eancia pelo Brasil tem as assinaturas Alexandre Tombini, Arm\u00ednio Fraga, Eduardo Guardia, Fernando Henrique Cardoso, Gustavo Krause, Gustavo Loyola, Henrique Meirelles, Ilan Goldfajn, Joaquim Levy, Luiz Carlos Bresser-Pereira, Ma\u00edlson da N\u00f3brega, Marc\u00edlio Marques Moreira, Nelson Barbosa, Pedro Malan, Persio Arida, Rubens Ricupero e Z\u00e9lia Cardoso de Mello. A iniciativa tem o apoio do Instituto Clima e Sociedade e do Instituto O Mundo Que Queremos.<\/span><\/p>\n<p>&nbsp;<\/p>\n<p><span style=\"font-weight: 400\">No documento, os 17 signat\u00e1rios destacam que o Brasil j\u00e1 tem vantagens importantes neste campo, como um parque energ\u00e9tico limpo e uso de combust\u00edveis menos poluentes, mas t\u00eam negligenciado outros pontos essenciais, como o desmatamento crescente na Amaz\u00f4nia e do Cerrado.\u00a0<\/span><\/p>\n<p>&nbsp;<\/p>\n<p><span style=\"font-weight: 400\">\u201cO momento \u00e9 de sofrimento e ang\u00fastia para todos. A perda de emprego e renda \u00e9 uma realidade que aprofundar\u00e1 a desigualdade social. Os efeitos de longo prazo da pandemia ser\u00e3o severos, inclusive devido ao contexto fiscal ainda mais desafiador\u201d, informa a carta divulgada nesta ter\u00e7a-feira (14\/07). \u201cMas a crise tamb\u00e9m abre a oportunidade para convergirmos em torno de uma agenda que nos possibilite retomar as atividades econ\u00f4micas e, simultaneamente, construir uma economia mais resiliente ao lidar com os riscos clim\u00e1ticos e suas implica\u00e7\u00f5es para o Brasil.\u201d<\/span><\/p>\n<p>&nbsp;<\/p>\n<p><span style=\"font-weight: 400\">&#8220;A quest\u00e3o ambiental tamb\u00e9m passa por produ\u00e7\u00e3o sustent\u00e1vel\u201d, afirma o ex-ministro da Fazenda e ex-presidente do BC, Henrique Meirelles, no comunicado. &#8220;Cabem sim medidas de meio ambiente para retomar a economia.&#8221; Para o ex-presidente do BC Arm\u00ednio Fraga, \u201cj\u00e1 passou a hora de falarmos sobre meio ambiente\u201d como crucial para uma pol\u00edtica econ\u00f4mica s\u00f3lida.\u00a0<\/span><\/p>\n<p>&nbsp;<\/p>\n<p><span style=\"font-weight: 400\">&#8220;Se n\u00e3o embarcarmos j\u00e1 em energia limpa e renov\u00e1vel, haver\u00e1 dificuldade depois&#8221;, defende o ex-ministro da Fazenda e do Meio Ambiente Rubens Ricupero. &#8220;N\u00e3o podemos apenas repetir a economia anterior&#8221;.\u00a0<\/span><span style=\"font-weight: 400\">O ex-presidente do BC Gustavo Loyola defende que o Brasil deveria ser um dos l\u00edderes do processo ambiental. \u201cS\u00f3 com press\u00e3o social as coisas mudam\u201d, destaca.<\/span><\/p>\n<p>&nbsp;<\/p>\n<p><span style=\"font-weight: 400\">Quatro pontos pontos essenciais para que o Brasil insira o meio ambiente em sua pol\u00edtica econ\u00f4mica foram elencados na carta S\u00e3o eles: alcan\u00e7ar a economia de baixo carbono, zerar o desmatamento na Amaz\u00f4nia e no Cerrado, aumentar a resili\u00eancia clim\u00e1tica e, por \u00faltimo, impulsionar pesquisa e desenvolvimento de novas tecnologias nesse mundo globalizado.\u00a0<\/span><span style=\"font-weight: 400\">\u00a0<\/span><\/p>\n<p>&nbsp;<\/p>\n<p>Na avalia\u00e7\u00e3o de Ricupero, o fato de economistas tamb\u00e9m defenderem essa bandeira de preserva\u00e7\u00e3o ambiental pode ajudar a mudar a percep\u00e7\u00e3o da opini\u00e3o p\u00fablica de maior engajamento para o tema. &#8220;N\u00e3o h\u00e1 d\u00favidas de que a presen\u00e7a de economistas que deram uma contribui\u00e7\u00e3o para o pa\u00eds empresta credibilidade para os ambientalistas. Da\u00ed a import\u00e2ncia desse grupo. Ele traz valor adicionado&#8221;, comentou.<\/p>\n<p>&nbsp;<\/p>\n<p><span style=\"font-weight: 400\">As informa\u00e7\u00f5es sobre a iniciativa est\u00e3o no site <\/span><a href=\"http:\/\/www.convergenciapelobrasil.org.br\"><span style=\"font-weight: 400\">www.convergenciapelobrasil.org.br<\/span><\/a><\/p>\n<p>&nbsp;<\/p>\n<p>Veja abaixo a \u00edntegra da carta:<\/p>\n<p>&nbsp;<\/p>\n<p>&nbsp;<\/p>\n<p><em><b>Uma converg\u00eancia necess\u00e1ria:\u00a0<\/b><\/em><em><b>por uma economia de baixo carbono<\/b><\/em><\/p>\n<p><em><span style=\"font-weight: 400\">\u00a0<\/span><\/em><\/p>\n<p><em><span style=\"font-weight: 400\">14 de julho de 2020<\/span><\/em><\/p>\n<p><em><span style=\"font-weight: 400\">\u00a0<\/span><\/em><\/p>\n<p><em><span style=\"font-weight: 400\">A atual pandemia da COVID-19 evidenciou a import\u00e2ncia de tornar economias globalmente\u00a0 interligadas mais resilientes a choques com impacto sist\u00eamico. Desde a Segunda Guerra Mundial, o mundo n\u00e3o vivia uma crise t\u00e3o profunda, seja pela quantidade de vidas perdidas, seja pelos seus catastr\u00f3ficos efeitos sociais e econ\u00f4micos. Esse aprendizado se aplica com grande propriedade \u00e0 mudan\u00e7a do clima, um risco ainda maior para todo o planeta.<\/span><\/em><\/p>\n<p><em><span style=\"font-weight: 400\">O momento \u00e9 de sofrimento e ang\u00fastia para muitos. A perda de emprego e renda \u00e9 uma realidade que aprofundar\u00e1 a desigualdade social. Os efeitos de longo-prazo da pandemia ser\u00e3o severos, inclusive devido ao contexto fiscal ainda mais desafiador. Superar a crise exige <\/span><b>convergirmos em torno de uma agenda que nos possibilite retomar as atividades econ\u00f4micas, endere\u00e7ar os problemas sociais e, simultaneamente, construir uma economia mais resiliente ao lidar com os riscos clim\u00e1ticos e suas implica\u00e7\u00f5es para o Brasil<\/b><span style=\"font-weight: 400\">.<\/span><\/em><\/p>\n<p><em><span style=\"font-weight: 400\">Dependendo do cen\u00e1rio clim\u00e1tico que iremos encontrar, os custos de descuidar de eventos clim\u00e1ticos com repercuss\u00f5es sist\u00eamicas poder\u00e3o ser bem maiores do que os da atual pandemia. Al\u00e9m disso, os potenciais efeitos calamitosos que a mudan\u00e7a do clima pode causar \u00e0 estabilidade financeira j\u00e1 t\u00eam levado bancos centrais a internalizar os riscos clim\u00e1ticos em suas an\u00e1lises macroecon\u00f4micas, de acordo com o pr\u00f3prio <\/span><span style=\"font-weight: 400\">Bank for International Settlements<\/span><span style=\"font-weight: 400\"> (BIS), e os mercados financeiros a reconhecer e precificar, de forma transparente, tais riscos de longo prazo. Mais especificamente, a reprecifica\u00e7\u00e3o dos ativos mais expostos \u00e0 mudan\u00e7a clim\u00e1tica e outros custos de transi\u00e7\u00e3o, como o financiamento da transforma\u00e7\u00e3o de setores da economia, ter\u00e3o crescente impacto na poupan\u00e7a privada e no funcionamento dos mercados de capital.<\/span><\/em><\/p>\n<p><em><span style=\"font-weight: 400\">Os cientistas do clima e o Painel Intergovernamental Sobre Mudan\u00e7as Clim\u00e1ticas (IPCC) v\u00eam h\u00e1 muito alertando para os riscos associados ao aquecimento global e \u00e0s mudan\u00e7as clim\u00e1ticas. Nos \u00faltimos cem anos, a temperatura global m\u00e9dia subiu aproximadamente 1,1<\/span><span style=\"font-weight: 400\">o<\/span><span style=\"font-weight: 400\">C, aumentando mais recentemente a frequ\u00eancia e a intensidade de tempestades, ondas de calor, enchentes, secas e elevando o n\u00edvel dos oceanos. Baseada nas evid\u00eancias e em modelos cada vez mais precisos, a comunidade cient\u00edfica vem advertindo que a continuidade da tend\u00eancia de aquecimento global poder\u00e1 trazer mudan\u00e7as irrevers\u00edveis a muitas formas de vida e s\u00e9rios impactos \u00e0 produ\u00e7\u00e3o agr\u00edcola e condi\u00e7\u00f5es de vida, especialmente nas regi\u00f5es tropicais.<\/span><\/em><\/p>\n<p><em><span style=\"font-weight: 400\">A seriedade dos riscos f\u00edsicos das mudan\u00e7as clim\u00e1ticas e a complexidade dos riscos de transi\u00e7\u00e3o\u00a0 demandam que os governos, o setor privado, a sociedade civil e a comunidade internacional se antecipem aos previs\u00edveis impactos negativos de longo prazo, construindo desde j\u00e1 uma economia de baixo carbono e, ao mesmo tempo, mais resiliente e adaptada aos desafios futuros. O governo tem um papel essencial em alinhar incentivos e expectativas, criando um ambiente favor\u00e1vel \u00e0 a\u00e7\u00e3o sustent\u00e1vel do setor privado e do mercado. No setor privado, a crescente disciplina da precifica\u00e7\u00e3o dos riscos ambientais, inclusive sist\u00eamicos, dever\u00e1 fortalecer o compromisso com os objetivos de governan\u00e7a, sociais e ambientais.<\/span><\/em><\/p>\n<p><em><span style=\"font-weight: 400\">A recupera\u00e7\u00e3o da economia p\u00f3s-COVID-19 oferece oportunidades importantes para promover a economia de baixo carbono e sustent\u00e1vel, em um momento em que o mundo atravessa importantes e r\u00e1pidas transforma\u00e7\u00f5es nos mercados de capital e de trabalho.\u00a0 Mais do que o volume do gasto p\u00fablico, o impacto de longo prazo da a\u00e7\u00e3o fiscal se dar\u00e1 pela escolha de como esse gasto ser\u00e1 efetuado, estimulando a\u00e7\u00f5es que alavanquem as vantagens comparativas do pa\u00eds e contribuam para a produtividade de longo prazo da economia e a cria\u00e7\u00e3o de empregos.<\/span><\/em><\/p>\n<p><em><span style=\"font-weight: 400\">O Brasil tem evidentes vantagens como economia de baixo carbono, dada a composi\u00e7\u00e3o de sua matriz energ\u00e9tica, a abundante radia\u00e7\u00e3o solar, agricultura pujante produtora de vultosas quantidades de biomassa, recursos h\u00eddricos e florestas extensas e biodiversas. Em fun\u00e7\u00e3o de tais vantagens comparativas, \u00e9 do interesse do pa\u00eds estar entre os l\u00edderes da transi\u00e7\u00e3o para uma economia mundial carbono-neutra.<\/span><\/em><\/p>\n<p><em><span style=\"font-weight: 400\">Por isso, n\u00f3s, ex-Ministros da Fazenda e ex-Presidentes do Banco Central do Brasil, subscrevemos este documento e <\/span><b>defendemos que crit\u00e9rios de redu\u00e7\u00e3o das emiss\u00f5es e do estoque de gases de efeito estufa na atmosfera, e de resili\u00eancia aos impactos da mudan\u00e7a do clima sejam integrados \u00e0 gest\u00e3o da pol\u00edtica econ\u00f4mica<\/b><span style=\"font-weight: 400\">. Esses crit\u00e9rios j\u00e1 s\u00e3o, e ser\u00e3o cada vez mais, baseados em tecnologias compat\u00edveis com o aumento da produtividade da nossa economia, a gera\u00e7\u00e3o de empregos e a redu\u00e7\u00e3o da desigualdade no Brasil. Al\u00e9m disso, a descarboniza\u00e7\u00e3o significa a valoriza\u00e7\u00e3o da nossa economia no longo prazo, uma considera\u00e7\u00e3o cada vez mais importante para investidores internacionais.<\/span><\/em><\/p>\n<p><em><span style=\"font-weight: 400\">Gostar\u00edamos, com esse prop\u00f3sito, de indicar alguns princ\u00edpios para descarbonizar a economia brasileira e, simultaneamente, aumentar a sua produtividade. Os desafios n\u00e3o s\u00e3o triviais, mas temos um caminho por onde seguir.<\/span><\/em><\/p>\n<ol>\n<li><em><b><\/b> <b>Alcan\u00e7ar a economia de baixo carbono. <\/b><span style=\"font-weight: 400\">Investimentos p\u00fablicos e privados devem apoiar a transi\u00e7\u00e3o da economia brasileira para um padr\u00e3o de emiss\u00f5es l\u00edquidas de carbono zero, indispens\u00e1vel para estabilizar a temperatura m\u00e9dia global.\u00a0<\/span><\/em><\/li>\n<\/ol>\n<p><em><span style=\"font-weight: 400\">Solu\u00e7\u00f5es e tecnologias com baixa emiss\u00e3o de carbono j\u00e1 se mostraram de alto retorno sobre investimento, como demonstrado com as energias renov\u00e1veis, os investimentos em efici\u00eancia energ\u00e9tica, as constru\u00e7\u00f5es eficientes em uso de energia, e os modais de transportes de baixa emiss\u00e3o.\u00a0<\/span><\/em><\/p>\n<p><em><span style=\"font-weight: 400\">A energia el\u00e9trica de origem e\u00f3lica produzida no Nordeste, por exemplo, al\u00e9m de barata j\u00e1 equivale a quase 90% da energia consumida na regi\u00e3o. Quase 20% da nossa produ\u00e7\u00e3o de soja j\u00e1 \u00e9 transformada em biodiesel, contribuindo para a prosperidade do produtor rural e redu\u00e7\u00e3o das emiss\u00f5es de carbono. H\u00e1 in\u00fameras outras oportunidades no setor de energia e em novos modelos de neg\u00f3cio de alto retorno e baixo impacto ambiental como os promovidos pela digitaliza\u00e7\u00e3o da economia.<\/span><\/em><\/p>\n<p><em><span style=\"font-weight: 400\">Um passo crucial para a transi\u00e7\u00e3o para uma economia de baixo carbono \u00e9 eliminar subs\u00eddios a combust\u00edveis f\u00f3sseis, seguido da promo\u00e7\u00e3o de mudan\u00e7as regulat\u00f3rias voltadas \u00e0 sustentabilidade, sem preju\u00edzo da efici\u00eancia.<\/span><\/em><\/p>\n<p><em><span style=\"font-weight: 400\">Estimular a criteriosa emiss\u00e3o de ativos financeiros verdes, e incluir requisitos ambientais em licita\u00e7\u00f5es e nas pr\u00e1ticas or\u00e7ament\u00e1rias podem ser instrumentos de indu\u00e7\u00e3o de uma economia mais descarbonizada.<\/span><\/em><\/p>\n<p><em><span style=\"font-weight: 400\">Ampliar a coopera\u00e7\u00e3o internacional em rela\u00e7\u00e3o ao clima contribuir\u00e1 para alinhar as pol\u00edticas e a\u00e7\u00f5es p\u00fablicas, conjuntamente apoiadas pela iniciativa privada e pela sociedade civil, aos compromissos assumidos no Acordo de Paris.\u00a0<\/span><\/em><\/p>\n<p><em><span style=\"font-weight: 400\">\u00c9 fundamental mobilizar fontes de financiamento privadas para iniciativas ligadas \u00e0 mitiga\u00e7\u00e3o e adapta\u00e7\u00e3o vis-\u00e0-vis a mudan\u00e7a do clima, assim como dever\u00edamos ampliar a nossa ambi\u00e7\u00e3o em rela\u00e7\u00e3o \u00e0 a\u00e7\u00e3o clim\u00e1tica e implementar as Contribui\u00e7\u00f5es Nacionalmente Determinadas.<\/span><\/em><\/p>\n<ol start=\"2\">\n<li><em><b><\/b> <b>Zerar o desmatamento na Amaz\u00f4nia e no Cerrado. <\/b><span style=\"font-weight: 400\">O desmatamento no Brasil responde hoje por emiss\u00f5es de CO<\/span><span style=\"font-weight: 400\">2<\/span><span style=\"font-weight: 400\"> substancialmente maiores do que as de todo nosso setor industrial ou do setor de transporte \u2014 n\u00e3o obstante a grande depend\u00eancia brasileira do transporte rodovi\u00e1rio movido a \u00f3leo diesel. Al\u00e9m disso, o risco de mudan\u00e7as dos ciclos de chuvas originadas na Amaz\u00f4nia causadas pelo desmatamento tende a afetar negativamente a nossa agricultura e a produ\u00e7\u00e3o de energia hidrel\u00e9trica notadamente no Centro-Oeste.\u00a0<\/span><\/em><\/li>\n<\/ol>\n<p><em><span style=\"font-weight: 400\">O retorno financeiro do desmatamento \u2014 especialmente na Amaz\u00f4nia \u2014 \u00e9, assim, baixo e certamente negativo quando se considera, al\u00e9m da biodiversidade e os servi\u00e7os ambientais e clim\u00e1ticos, o impacto reputacional sobre o pa\u00eds. O preju\u00edzo do desmatamento tem levado diversos parceiros comerciais importantes e investidores estrangeiros no Brasil a expressarem veementemente seu descontentamento e preocupa\u00e7\u00e3o, que certamente se traduzir\u00e3o em menores fluxos de com\u00e9rcio e investimentos no pa\u00eds.<\/span><\/em><\/p>\n<p><em><span style=\"font-weight: 400\">O controle para o cumprimento das leis de prote\u00e7\u00e3o ambiental \u00e9 uma maneira efetiva de mitigar emiss\u00f5es e evitar o mau uso do patrim\u00f4nio p\u00fablico constitu\u00eddo pelas florestas em \u00e1reas da Uni\u00e3o, tanto as sem destina\u00e7\u00e3o espec\u00edfica, como as que formam Unidades de Conserva\u00e7\u00e3o, assim como o desrespeito ao direito representado pelas Terras Ind\u00edgenas estabelecidas por lei.\u00a0 A intensifica\u00e7\u00e3o da pecu\u00e1ria e a expans\u00e3o da agricultura sobre \u00e1reas de pastagens, inclusive degradadas, permitem responder \u00e0 crescente demanda pelos nossos produtos sem preju\u00edzo das \u00e1reas naturais. Como parte de uma estrat\u00e9gia de desenvolvimento da Amaz\u00f4nia que reflita as vantagens e desafios da regi\u00e3o e incorpore \u00e1reas urbanas, rurais e de floresta, urge apoiar um aproveitamento n\u00e3o destrutivo e de base cient\u00edfica da biodiversidade, com maiores retornos econ\u00f4micos e sociais para todo o Pa\u00eds.<\/span><\/em><\/p>\n<ol start=\"3\">\n<li><em><b><\/b> <b>Aumentar a resili\u00eancia clim\u00e1tica. <\/b><span style=\"font-weight: 400\">O Brasil j\u00e1 sofre com extremos clim\u00e1ticos do presente, como enchentes e secas. Aumentar nossa resili\u00eancia clim\u00e1tica tamb\u00e9m traz um grande dividendo social, j\u00e1 que os extremos clim\u00e1ticos tendem a atingir desproporcionalmente as popula\u00e7\u00f5es mais pobres. A maioria das a\u00e7\u00f5es que buscam o aumento da resili\u00eancia clim\u00e1tica s\u00e3o medidas de desenvolvimento com altos retornos econ\u00f4micos e sociais.<\/span><\/em><\/li>\n<\/ol>\n<p><em><span style=\"font-weight: 400\">Se nada for feito, as mudan\u00e7as clim\u00e1ticas simplesmente v\u00e3o agravar os impactos. Portanto, \u00e9 necess\u00e1rio investir em capacidade t\u00e9cnica para podermos aumentar a resili\u00eancia clim\u00e1tica do pa\u00eds, identificando nossas maiores vulnerabilidades, avaliando os riscos, e adaptando nossa infraestrutura, inclusive urbana, de acordo.<\/span><\/em><\/p>\n<p><em><span style=\"font-weight: 400\">A expans\u00e3o de investimentos sustent\u00e1veis, como no saneamento, por exemplo, tem um impacto social t\u00e3o ou mais imediato e importante que suas implica\u00e7\u00f5es ambientais. As chamadas solu\u00e7\u00f5es baseadas na natureza, que incluem a adapta\u00e7\u00e3o baseada em ecossistemas, s\u00e3o tamb\u00e9m promissores mecanismos para a expans\u00e3o da infraestrutura necess\u00e1ria para melhorar a qualidade de vida do nosso povo e gerir os riscos clim\u00e1ticos.<\/span><\/em><\/p>\n<ol start=\"4\">\n<li><em><b><\/b><span style=\"font-weight: 400\"> \u00a0 <\/span><b>Impulsionar a pesquisa e o desenvolvimento de novas tecnologias<\/b><span style=\"font-weight: 400\">. A pesquisa cient\u00edfica e a aplica\u00e7\u00e3o de novas tecnologias que propiciem solu\u00e7\u00f5es e promovam modelos de neg\u00f3cio de baixo carbono s\u00e3o ingredientes importantes para aumentar a produtividade e competitividade de nossa economia, sobretudo num contexto de crescente digitaliza\u00e7\u00e3o da economia global.<\/span><\/em><\/li>\n<\/ol>\n<p><em><span style=\"font-weight: 400\">\u00a0<\/span><\/em><\/p>\n<p><em><span style=\"font-weight: 400\">Frente a todos esses desafios e tamb\u00e9m oportunidades, n\u00f3s estamos dispostos a contribuir para <\/span><b>a constru\u00e7\u00e3o de uma agenda concreta para tornar a economia de baixo carbono realidade<\/b> <b>e mitigar os enormes riscos associados \u00e0 mudan\u00e7a do clima global<\/b><span style=\"font-weight: 400\">.\u00a0 O momento exige converg\u00eancia para que seja poss\u00edvel construirmos um futuro mais sustent\u00e1vel, inclusivo e pr\u00f3spero para a atual e as futuras gera\u00e7\u00f5es.<\/span><\/em><\/p>\n<p><em><span style=\"font-weight: 400\">\u00a0<\/span><\/em><\/p>\n<p><em><span style=\"font-weight: 400\">\u00a0<\/span><\/em><\/p>\n<p><em><span style=\"font-weight: 400\">Alexandre Ant\u00f4nio Tombini<\/span><\/em><\/p>\n<p><em><span style=\"font-weight: 400\">Arm\u00ednio Fraga<\/span><\/em><\/p>\n<p><em><span style=\"font-weight: 400\">Eduardo Guardia<\/span><\/em><\/p>\n<p><em><span style=\"font-weight: 400\">Fernando Henrique Cardoso<\/span><\/em><\/p>\n<p><em><span style=\"font-weight: 400\">Gustavo Krause<\/span><\/em><\/p>\n<p><em><span style=\"font-weight: 400\">Gustavo Loyola<\/span><\/em><\/p>\n<p><em><span style=\"font-weight: 400\">Henrique Meirelles<\/span><\/em><\/p>\n<p><em><span style=\"font-weight: 400\">Ilan Goldfajn<\/span><\/em><\/p>\n<p><em><span style=\"font-weight: 400\">Joaquim Levy<\/span><\/em><\/p>\n<p><em><span style=\"font-weight: 400\">Luiz Carlos Bresser-Pereira<\/span><\/em><\/p>\n<p><em><span style=\"font-weight: 400\">Ma\u00edlson da N\u00f3brega<\/span><\/em><\/p>\n<p><em><span style=\"font-weight: 400\">Marc\u00edlio Moreira<\/span><\/em><\/p>\n<p><em><span style=\"font-weight: 400\">Nelson Henrique Barbosa Filho<\/span><\/em><\/p>\n<p><em><span style=\"font-weight: 400\">Pedro Malan<\/span><\/em><\/p>\n<p><em><span style=\"font-weight: 400\">Persio Arida<\/span><\/em><\/p>\n<p><em><span style=\"font-weight: 400\">Rubens Ricupero<\/span><\/em><\/p>\n<p><em><span style=\"font-weight: 400\">Z\u00e9lia Cardoso de Mello<\/span><\/em><\/p>\n<p>&nbsp;<\/p>\n","protected":false},"excerpt":{"rendered":"<p>ROSANA HESSEL &nbsp; A recess\u00e3o profunda sem precedentes provocada pela pandemia de covid-19 e o descaso do governo Jair Bolsonaro em rela\u00e7\u00e3o \u00e0 preserva\u00e7\u00e3o da Amaz\u00f4nia, que manchou a imagem do pa\u00eds no mundo inteiro, conseguiram unir economistas de linhas ortodoxas e heterodoxas em uma iniciativa in\u00e9dita no pa\u00eds.\u00a0 &nbsp; Depois de empres\u00e1rios e de [&hellip;]<\/p>\n","protected":false},"author":22,"featured_media":0,"comment_status":"open","ping_status":"closed","sticky":false,"template":"","format":"standard","meta":{"wpb_read_more":[],"footnotes":""},"categories":[600],"tags":[4174,589,4722,2922,460,31],"class_list":["post-14797","post","type-post","status-publish","format-standard","hentry","category-economia","tag-carta","tag-economia","tag-ex-ministros","tag-jair-bolsonaro","tag-meio-ambiente","tag-recessao"],"_links":{"self":[{"href":"https:\/\/blogs2.correiobraziliense.com.br\/vicente\/wp-json\/wp\/v2\/posts\/14797","targetHints":{"allow":["GET"]}}],"collection":[{"href":"https:\/\/blogs2.correiobraziliense.com.br\/vicente\/wp-json\/wp\/v2\/posts"}],"about":[{"href":"https:\/\/blogs2.correiobraziliense.com.br\/vicente\/wp-json\/wp\/v2\/types\/post"}],"author":[{"embeddable":true,"href":"https:\/\/blogs2.correiobraziliense.com.br\/vicente\/wp-json\/wp\/v2\/users\/22"}],"replies":[{"embeddable":true,"href":"https:\/\/blogs2.correiobraziliense.com.br\/vicente\/wp-json\/wp\/v2\/comments?post=14797"}],"version-history":[{"count":8,"href":"https:\/\/blogs2.correiobraziliense.com.br\/vicente\/wp-json\/wp\/v2\/posts\/14797\/revisions"}],"predecessor-version":[{"id":14810,"href":"https:\/\/blogs2.correiobraziliense.com.br\/vicente\/wp-json\/wp\/v2\/posts\/14797\/revisions\/14810"}],"wp:attachment":[{"href":"https:\/\/blogs2.correiobraziliense.com.br\/vicente\/wp-json\/wp\/v2\/media?parent=14797"}],"wp:term":[{"taxonomy":"category","embeddable":true,"href":"https:\/\/blogs2.correiobraziliense.com.br\/vicente\/wp-json\/wp\/v2\/categories?post=14797"},{"taxonomy":"post_tag","embeddable":true,"href":"https:\/\/blogs2.correiobraziliense.com.br\/vicente\/wp-json\/wp\/v2\/tags?post=14797"}],"curies":[{"name":"wp","href":"https:\/\/api.w.org\/{rel}","templated":true}]}}