{"id":14832,"date":"2020-07-15T12:16:34","date_gmt":"2020-07-15T15:16:34","guid":{"rendered":"https:\/\/blogs2.correiobraziliense.com.br\/vicente\/?p=14832"},"modified":"2020-07-15T20:58:34","modified_gmt":"2020-07-15T23:58:34","slug":"equipe-economica-usa-queda-menor-do-pib-para-reduzir-rombo-fiscal","status":"publish","type":"post","link":"https:\/\/blogs2.correiobraziliense.com.br\/vicente\/equipe-economica-usa-queda-menor-do-pib-para-reduzir-rombo-fiscal\/","title":{"rendered":"Equipe econ\u00f4mica usa queda menor do PIB para reduzir rombo fiscal"},"content":{"rendered":"<p><span style=\"font-weight: 400\">ROSANA HESSEL<\/span><\/p>\n<p><span style=\"font-weight: 400\">MARINA BARBOSA<\/span><\/p>\n<p>&nbsp;<\/p>\n<p><span style=\"font-weight: 400\">A equipe econ\u00f4mica liderada pelo ministro da Economia, Paulo Guedes, passou a repetir a pr\u00e1tica da ex-presidente Dilma Rousseff em usar dados muito otimistas para evitar divulgar dados ruins nas contas p\u00fablicas.\u00a0<\/span><span style=\"font-weight: 400\">No dia em que o <em>Di\u00e1rio Oficial da Uni\u00e3o<\/em> confirma a sa\u00edda de Mansueto Almeida da secretaria do Tesouro Nacional, um dos maiores defensores da austeridade fiscal, e a nomea\u00e7\u00e3o de Bruno Funchal como substituto, o governo prefere manter as previs\u00f5es de queda do Produto Interno Bruto (PIB) em 4,7%, em vez de alinhar as proje\u00e7\u00f5es com as do mercado. Com isso, ainda antecipa que vai reduzir as previs\u00f5es para o rombo fiscal, em uma manobra cont\u00e1bil &#8220;criativa&#8221;.<\/span><\/p>\n<p>&nbsp;<\/p>\n<p><span style=\"font-weight: 400\">A manuten\u00e7\u00e3o das previs\u00f5es de queda do PIB em 4,7%, nesta quarta-feira (15\/07), evitam, por um momento, um tombo dr\u00e1stico da receita que n\u00e3o conseguir\u00e1 fazer frente ao grande aumento dos gastos com medidas emergenciais para o combate \u00e0 crise provocada pelo novo coronav\u00edrus. Pelas\u00a0<\/span><span style=\"font-weight: 400\">estimativas do Tesouro Nacional, de junho, o governo passou a prever um rombo das contas do governo central (que inclui Tesouro, Previd\u00eancia Social e Banco Central) em 2020, de R$ 675,7 bilh\u00f5es, ou 9,4% do PIB. E, no in\u00edcio deste m\u00eas, essa estimativa, considerando queda de 6,5% do PIB, essa previs\u00e3o passou para R$ 795,6 bilh\u00f5es, ou 11,5% do PIB.<\/span><\/p>\n<p>&nbsp;<\/p>\n<p><span style=\"font-weight: 400\">Agora, de acordo com o secret\u00e1rio da Fazenda, Waldery Rodrigues, diante da perspectiva oficial de queda de 4,7% do PIB as estimativas do rombo das contas p\u00fablicas ser\u00e3o reduzidas. &#8220;Como mantivemos essa estimativa, as perspectivas de d\u00e9ficit tamb\u00e9m ser\u00e3o revistas&#8221;, antecipou, dizendo que os novos indicadores fiscais devem ser divulgados no fim do m\u00eas.\u00a0 &#8220;Temos u<\/span><span style=\"font-weight: 400\">ma estimativa oficial da SPE e haver\u00e1 uma tend\u00eancia a uma redu\u00e7\u00e3o nessa estimativa de deficit prim\u00e1rio que est\u00e1 em 12% para 2020&#8243;, afirmou.<\/span><\/p>\n<p>&nbsp;<\/p>\n<p><span style=\"font-weight: 400\">Para o secret\u00e1rio de Pol\u00edtica Econ\u00f4mica, Adolfo Sachsida, n\u00e3o existe otimismo nas proje\u00e7\u00f5es, mas &#8220;dados consistentes&#8221; com o que est\u00e1 sendo apresentado pela retomada da economia.\u00a0 &#8220;Temos que manter um debate honesto na nota metodol\u00f3gica&#8221;, afirmou.\u00a0 Segundo ele, a velocidade de retomada foi melhorada e o &#8220;efeito l\u00edquido dos dados&#8221; da SPE pareceu n\u00e3o mudar muito a proje\u00e7\u00e3o anterior e, por conta disso, as estimativas foram mantidas.<\/span><\/p>\n<p>&nbsp;<\/p>\n<p>De acordo com Sachsida, q<span style=\"font-weight: 400\">uem fez uma proje\u00e7\u00e3o de queda acima de 6% vai ter que rever suas estimativas. &#8220;Pelos dados que temos hoje, acredito que nas pr\u00f3ximas semanas vamos ver v\u00e1rios agentes revendo suas proje\u00e7\u00f5es\u201d, cravou o secret\u00e1rio. Ele explicou que medidas p\u00fablicas o aux\u00edlio emergencial e os programas de preserva\u00e7\u00e3o do emprego t\u00eam sido efetivas. E afirmou que como, &#8220;a economia \u00e9 um mecanismo vivo&#8221;, os brasileiros t\u00eam encontrado formas de lidar com o novo normal. Por isso, acredita que a recupera\u00e7\u00e3o econ\u00f4mica est\u00e1 ocorrendo em velocidade superior ao previsto, j\u00e1 a partir de maio e de junho.\u00a0<\/span><\/p>\n<p>&nbsp;<\/p>\n<p><span style=\"font-weight: 400\">O chefe da SPE admitiu, contudo, que existem tanto fatores positivos, quanto negativos nesse processo de recupera\u00e7\u00e3o. &#8220;A expans\u00e3o do aux\u00edlio, as novas formas de com\u00e9rcio online est\u00e3o estimulando a economia. Por outro lado, esper\u00e1vamos que a economia fosse reabrir em junho e a pandemia est\u00e1 durando mais que o esperado, isso piora as proje\u00e7\u00f5es&#8221;, afirmou.<\/span><\/p>\n<p>&nbsp;<\/p>\n<p><span style=\"font-weight: 400\">De acordo com Sachsida, a proje\u00e7\u00e3o de queda de 4,7% \u00e9 a pior queda da s\u00e9rie hist\u00f3rica em 120 anos. &#8220;Temos plena certeza\u00a0 e convic\u00e7\u00e3o de que o momento \u00e9 realmente dif\u00edcil. Agora, \u00e9 menos dif\u00edcil do que alguns poderiam crer l\u00e1 por abril. Ent\u00e3o, acho que tivemos bons resultados com as medidas econ\u00f4micas adotadas pelo governo\u201d, afirmou.<\/span><\/p>\n<p>&nbsp;<\/p>\n<p>&nbsp;<\/p>\n<p><b>Dura realidade<\/b><\/p>\n<p>&nbsp;<\/p>\n<p><span style=\"font-weight: 400\">A Institui\u00e7\u00e3o Fiscal Independente (IFI), do Senado Federal, que acompanha as contas p\u00fablicas com lupa, prev\u00ea um deficit prim\u00e1rio de R$ 877 bilh\u00f5es para as contas do governo central, o equivalente a 12,7% do PIB. Conforme o \u00faltimo relat\u00f3rio da entidade, divulgado na segunda-feira (13). Esse resultado vai implicar em rombos fiscais de R$ 95 bilh\u00f5es ao m\u00eas. <\/span><\/p>\n<p>&nbsp;<\/p>\n<p><span style=\"font-weight: 400\">Segundo os dados da IFI,\u00a0<\/span><span style=\"font-weight: 400\">a d\u00edvida p\u00fablica bruta chegou a o recorde hist\u00f3rico de 81,9% do PIB e, se forem inclu\u00eddas as opera\u00e7\u00f5es compromissadas que crescem em ritmo acelerado, esse percentual j\u00e1 chega em 90% do PIB. \u201c<\/span><span style=\"font-weight: 400\">Al\u00e9m da rolagem da d\u00edvida mobili\u00e1ria, haver\u00e1 enorme necessidade de financiamento nos pr\u00f3ximos meses, a exemplo do que j\u00e1 ocorreu desde abril. Por isso, ser\u00e1 preciso encontrar demanda para sucessivas e elevadas emiss\u00f5es l\u00edquidas de pap\u00e9is\u201d, destacou o relat\u00f3rio.\u00a0<\/span><\/p>\n","protected":false},"excerpt":{"rendered":"<p>ROSANA HESSEL MARINA BARBOSA &nbsp; A equipe econ\u00f4mica liderada pelo ministro da Economia, Paulo Guedes, passou a repetir a pr\u00e1tica da ex-presidente Dilma Rousseff em usar dados muito otimistas para evitar divulgar dados ruins nas contas p\u00fablicas.\u00a0No dia em que o Di\u00e1rio Oficial da Uni\u00e3o confirma a sa\u00edda de Mansueto Almeida da secretaria do Tesouro [&hellip;]<\/p>\n","protected":false},"author":22,"featured_media":0,"comment_status":"open","ping_status":"closed","sticky":false,"template":"","format":"standard","meta":{"wpb_read_more":[],"footnotes":""},"categories":[600],"tags":[542,567,3666,58,560,3894],"class_list":["post-14832","post","type-post","status-publish","format-standard","hentry","category-economia","tag-contas-publicas","tag-fazenda","tag-ministerio-da-economia","tag-pib","tag-rombo-fiscal","tag-spe"],"_links":{"self":[{"href":"https:\/\/blogs2.correiobraziliense.com.br\/vicente\/wp-json\/wp\/v2\/posts\/14832","targetHints":{"allow":["GET"]}}],"collection":[{"href":"https:\/\/blogs2.correiobraziliense.com.br\/vicente\/wp-json\/wp\/v2\/posts"}],"about":[{"href":"https:\/\/blogs2.correiobraziliense.com.br\/vicente\/wp-json\/wp\/v2\/types\/post"}],"author":[{"embeddable":true,"href":"https:\/\/blogs2.correiobraziliense.com.br\/vicente\/wp-json\/wp\/v2\/users\/22"}],"replies":[{"embeddable":true,"href":"https:\/\/blogs2.correiobraziliense.com.br\/vicente\/wp-json\/wp\/v2\/comments?post=14832"}],"version-history":[{"count":11,"href":"https:\/\/blogs2.correiobraziliense.com.br\/vicente\/wp-json\/wp\/v2\/posts\/14832\/revisions"}],"predecessor-version":[{"id":14848,"href":"https:\/\/blogs2.correiobraziliense.com.br\/vicente\/wp-json\/wp\/v2\/posts\/14832\/revisions\/14848"}],"wp:attachment":[{"href":"https:\/\/blogs2.correiobraziliense.com.br\/vicente\/wp-json\/wp\/v2\/media?parent=14832"}],"wp:term":[{"taxonomy":"category","embeddable":true,"href":"https:\/\/blogs2.correiobraziliense.com.br\/vicente\/wp-json\/wp\/v2\/categories?post=14832"},{"taxonomy":"post_tag","embeddable":true,"href":"https:\/\/blogs2.correiobraziliense.com.br\/vicente\/wp-json\/wp\/v2\/tags?post=14832"}],"curies":[{"name":"wp","href":"https:\/\/api.w.org\/{rel}","templated":true}]}}