{"id":14862,"date":"2020-07-16T15:01:23","date_gmt":"2020-07-16T18:01:23","guid":{"rendered":"https:\/\/blogs2.correiobraziliense.com.br\/vicente\/?p=14862"},"modified":"2020-07-16T15:57:48","modified_gmt":"2020-07-16T18:57:48","slug":"ubs-revisa-projecao-de-queda-do-pib-brasileiro-de-75-para-55","status":"publish","type":"post","link":"https:\/\/blogs2.correiobraziliense.com.br\/vicente\/ubs-revisa-projecao-de-queda-do-pib-brasileiro-de-75-para-55\/","title":{"rendered":"UBS revisa proje\u00e7\u00e3o de queda do PIB brasileiro de 7,5% para 5,5%"},"content":{"rendered":"<h2><span style=\"font-weight: 400\">ROSANA HESSEL<\/span><\/h2>\n<h2><\/h2>\n<h2><span style=\"font-weight: 400\">Uma dia depois de o Minist\u00e9rio da Economia manter as previs\u00f5es de queda do Produto Interno Bruto (PIB) de 2020 em 4,7%, o banco su\u00ed\u00e7o UBS alterou de 7,5% para 5,5% a estimativa de recuo do PIB brasileiro, devido \u00e0 melhora nos indicadores recentes de atividade. Para 2021, a expectativa \u00e9 de crescimento de 3%, abaixo da proje\u00e7\u00e3o anterior, de 3,5%.<\/span><\/h2>\n<p>&nbsp;<\/p>\n<p><span style=\"font-weight: 400\">O economista-chefe da institui\u00e7\u00e3o financeira, Tony Volpon, prev\u00ea que o PIB do segundo trimestre dever\u00e1 encolher 10,9% na compara\u00e7\u00e3o com o mesmo per\u00edodo de 2019, e, nos seguintes, registrar avan\u00e7os de 6,8% e de 2,1%, conforme nota divulgada nesta quinta-feira (16\/07). <\/span><\/p>\n<p>&nbsp;<\/p>\n<p><span style=\"font-weight: 400\">O economista disse que a mudan\u00e7a ocorreu devido a uma \u201cs\u00e9rie de fatores\u201d e avaliando que o impacto do aux\u00edlio emergencial de R$ 600 para os trabalhadores informais est\u00e1 sendo \u201cbem sucedido no apoio \u00e0 renda\u201d.\u00a0<\/span><span style=\"font-weight: 400\">Outro aspecto destacado por Vopon \u00e9 o fato de a China, maior importador de produtos brasileiros, estar passando por uma forte recupera\u00e7\u00e3o.\u00a0\u00a0<\/span><\/p>\n<p>&nbsp;<\/p>\n<p><span style=\"font-weight: 400\">\u201cA incerteza (no Brasil) diminui, mas \u00e9 prov\u00e1vel que permane\u00e7a elevada\u201d, informou o economista, destacando que a desconfian\u00e7a em rela\u00e7\u00e3o ao pa\u00eds tem sido alta desde 2014. \u201cAssumimos alguma melhoria cont\u00ednua em rea\u00e7\u00e3o a um ambiente pol\u00edtico menos polarizado e uma agenda de reforma renovada\u201d, apostou.<\/span><\/p>\n<p>&nbsp;<\/p>\n<p>O UBS prev\u00ea, ainda, pelo menos mais um corte na taxa b\u00e1sica de juros (Selic), de 0,25 ponto percentual, de 2,25% para 2% ao ano. Esse patamar dever\u00e1 ser mantido at\u00e9 o segundo trimestre de 2021, voltando a subir no trimestre seguinte, at\u00e9 terminar dezembro em 4,25% anuais<\/p>\n<p>&nbsp;<\/p>\n<p><strong>Riscos de um &#8220;abismo fiscal&#8221;<\/strong><\/p>\n<p>&nbsp;<\/p>\n<p><span style=\"font-weight: 400\">Volpon refor\u00e7ou que existe um debate em andamento sobre a extens\u00e3o do programa do aux\u00edlio emergencial e uma poss\u00edvel consolida\u00e7\u00e3o dos gastos sociais, agora, atingindo 18% do PIB, em um programa permanente chamado de Renda Brasil.<\/span><\/p>\n<p>&nbsp;<\/p>\n<p><span style=\"font-weight: 400\"> \u201cOs resultados desse debate ser\u00e3o vitais para as perspectivas de crescimento, uma vez que uma consolida\u00e7\u00e3o fiscal muito r\u00e1pida pode criar um &#8216;abismo&#8217; para crescimento\u201d, alertou no comunicado. A previs\u00e3o do UBS para a d\u00edvida p\u00fablica bruta aponta para 95,8% do PIB no fim do ano e continuar\u00e1 subindo em 2021, quando encerrar\u00e1 em 97,3% do PIB.<\/span><\/p>\n<p>&nbsp;<\/p>\n<p>Pelas proje\u00e7\u00f5es do banco su\u00ed\u00e7o, o deficit prim\u00e1rio das contas p\u00fablicas em 2020 dever\u00e1 chegar a 14,7% do PIB, &#8220;o pior resultado da hist\u00f3ria&#8221;.<\/p>\n<p>&nbsp;<\/p>\n<p><em>Bras\u00edlia, 15h01min<\/em><\/p>\n","protected":false},"excerpt":{"rendered":"<p>ROSANA HESSEL Uma dia depois de o Minist\u00e9rio da Economia manter as previs\u00f5es de queda do Produto Interno Bruto (PIB) de 2020 em 4,7%, o banco su\u00ed\u00e7o UBS alterou de 7,5% para 5,5% a estimativa de recuo do PIB brasileiro, devido \u00e0 melhora nos indicadores recentes de atividade. Para 2021, a expectativa \u00e9 de crescimento [&hellip;]<\/p>\n","protected":false},"author":22,"featured_media":3793,"comment_status":"open","ping_status":"closed","sticky":false,"template":"","format":"standard","meta":{"wpb_read_more":[],"footnotes":""},"categories":[600],"tags":[1125,4573,113,58,568,2763],"class_list":["post-14862","post","type-post","status-publish","format-standard","has-post-thumbnail","hentry","category-economia","tag-1125","tag-auxilio-emergencial","tag-crescimento","tag-pib","tag-tony-volpon","tag-ubs"],"_links":{"self":[{"href":"https:\/\/blogs2.correiobraziliense.com.br\/vicente\/wp-json\/wp\/v2\/posts\/14862","targetHints":{"allow":["GET"]}}],"collection":[{"href":"https:\/\/blogs2.correiobraziliense.com.br\/vicente\/wp-json\/wp\/v2\/posts"}],"about":[{"href":"https:\/\/blogs2.correiobraziliense.com.br\/vicente\/wp-json\/wp\/v2\/types\/post"}],"author":[{"embeddable":true,"href":"https:\/\/blogs2.correiobraziliense.com.br\/vicente\/wp-json\/wp\/v2\/users\/22"}],"replies":[{"embeddable":true,"href":"https:\/\/blogs2.correiobraziliense.com.br\/vicente\/wp-json\/wp\/v2\/comments?post=14862"}],"version-history":[{"count":4,"href":"https:\/\/blogs2.correiobraziliense.com.br\/vicente\/wp-json\/wp\/v2\/posts\/14862\/revisions"}],"predecessor-version":[{"id":14866,"href":"https:\/\/blogs2.correiobraziliense.com.br\/vicente\/wp-json\/wp\/v2\/posts\/14862\/revisions\/14866"}],"wp:featuredmedia":[{"embeddable":true,"href":"https:\/\/blogs2.correiobraziliense.com.br\/vicente\/wp-json\/wp\/v2\/media\/3793"}],"wp:attachment":[{"href":"https:\/\/blogs2.correiobraziliense.com.br\/vicente\/wp-json\/wp\/v2\/media?parent=14862"}],"wp:term":[{"taxonomy":"category","embeddable":true,"href":"https:\/\/blogs2.correiobraziliense.com.br\/vicente\/wp-json\/wp\/v2\/categories?post=14862"},{"taxonomy":"post_tag","embeddable":true,"href":"https:\/\/blogs2.correiobraziliense.com.br\/vicente\/wp-json\/wp\/v2\/tags?post=14862"}],"curies":[{"name":"wp","href":"https:\/\/api.w.org\/{rel}","templated":true}]}}