{"id":1488,"date":"2016-06-18T00:40:07","date_gmt":"2016-06-18T03:40:07","guid":{"rendered":"https:\/\/blogs2.correiobraziliense.com.br\/vicente\/?p=1488"},"modified":"2016-06-18T15:21:17","modified_gmt":"2016-06-18T18:21:17","slug":"ajuda-para-ilan","status":"publish","type":"post","link":"https:\/\/blogs2.correiobraziliense.com.br\/vicente\/ajuda-para-ilan\/","title":{"rendered":"Ajuda para Ilan"},"content":{"rendered":"<p>O novo presidente do Banco Central, Ilan Goldfajn, ganhou duas ajudas de peso para fazer uma travessia mais tranquila neste in\u00edcio de gest\u00e3o. Est\u00e1 praticamente certo que o Federal Reserve (Fed), o BC dos Estados Unidos, n\u00e3o elevar\u00e1 a taxa b\u00e1sica de juros em julho e que o Reino Unido n\u00e3o deixar\u00e1 a Uni\u00e3o Europeia, como mostram as mais recentes pesquisas.<\/p>\n<p>&nbsp;<\/p>\n<p><b>Juros em queda<\/b><\/p>\n<p>&nbsp;<\/p>\n<p>\u00bb Com isso, afirma Eduardo Velho, economista-chefe da INVX Partners, todas as moedas de pa\u00edses emergentes ganharam for\u00e7a ante o d\u00f3lar, o que tende a dar um al\u00edvio nas expectativas de infla\u00e7\u00e3o. Se nada de mais grave ocorrer no front pol\u00edtico e o impeachment de Dilma for aprovado, os juros poder\u00e3o cair a partir de agosto, no m\u00e1ximo, em outubro.<\/p>\n<p>&nbsp;<\/p>\n<p><b>Meta ajustada<\/b><\/p>\n<p>&nbsp;<\/p>\n<p>\u00bb Que ningu\u00e9m espere sinais de Ilan sobre os rumos da pol\u00edtica monet\u00e1ria no Relat\u00f3rio Trimestral de Infla\u00e7\u00e3o, que ser\u00e1 divulgado no fim deste m\u00eas. A perspectiva dentro do BC \u00e9 de que ele s\u00f3 explicite o compromisso de levar a infla\u00e7\u00e3o para o centro da meta em 2018 por meio de declara\u00e7\u00f5es p\u00fablicas.<\/p>\n","protected":false},"excerpt":{"rendered":"<p>O novo presidente do Banco Central, Ilan Goldfajn, ganhou duas ajudas de peso para fazer uma travessia mais tranquila neste in\u00edcio de gest\u00e3o. Est\u00e1 praticamente certo que o Federal Reserve (Fed), o BC dos Estados Unidos, n\u00e3o elevar\u00e1 a taxa b\u00e1sica de juros em julho e que o Reino Unido n\u00e3o deixar\u00e1 a Uni\u00e3o Europeia, [&hellip;]<\/p>\n","protected":false},"author":22,"featured_media":0,"comment_status":"open","ping_status":"closed","sticky":false,"template":"","format":"standard","meta":{"wpb_read_more":[],"footnotes":""},"categories":[1],"tags":[3,74,107,280,4,279],"class_list":["post-1488","post","type-post","status-publish","format-standard","hentry","category-sem-categoria","tag-banco-central","tag-eduardo-velho","tag-ilan-goldfajn","tag-invx-partners","tag-juros","tag-queda"],"_links":{"self":[{"href":"https:\/\/blogs2.correiobraziliense.com.br\/vicente\/wp-json\/wp\/v2\/posts\/1488","targetHints":{"allow":["GET"]}}],"collection":[{"href":"https:\/\/blogs2.correiobraziliense.com.br\/vicente\/wp-json\/wp\/v2\/posts"}],"about":[{"href":"https:\/\/blogs2.correiobraziliense.com.br\/vicente\/wp-json\/wp\/v2\/types\/post"}],"author":[{"embeddable":true,"href":"https:\/\/blogs2.correiobraziliense.com.br\/vicente\/wp-json\/wp\/v2\/users\/22"}],"replies":[{"embeddable":true,"href":"https:\/\/blogs2.correiobraziliense.com.br\/vicente\/wp-json\/wp\/v2\/comments?post=1488"}],"version-history":[{"count":1,"href":"https:\/\/blogs2.correiobraziliense.com.br\/vicente\/wp-json\/wp\/v2\/posts\/1488\/revisions"}],"predecessor-version":[{"id":1489,"href":"https:\/\/blogs2.correiobraziliense.com.br\/vicente\/wp-json\/wp\/v2\/posts\/1488\/revisions\/1489"}],"wp:attachment":[{"href":"https:\/\/blogs2.correiobraziliense.com.br\/vicente\/wp-json\/wp\/v2\/media?parent=1488"}],"wp:term":[{"taxonomy":"category","embeddable":true,"href":"https:\/\/blogs2.correiobraziliense.com.br\/vicente\/wp-json\/wp\/v2\/categories?post=1488"},{"taxonomy":"post_tag","embeddable":true,"href":"https:\/\/blogs2.correiobraziliense.com.br\/vicente\/wp-json\/wp\/v2\/tags?post=1488"}],"curies":[{"name":"wp","href":"https:\/\/api.w.org\/{rel}","templated":true}]}}