{"id":14884,"date":"2020-07-21T20:07:21","date_gmt":"2020-07-21T23:07:21","guid":{"rendered":"https:\/\/blogs2.correiobraziliense.com.br\/vicente\/?p=14884"},"modified":"2020-07-21T20:35:56","modified_gmt":"2020-07-21T23:35:56","slug":"a-aliados-bolsonaro-diz-que-nao-so-sobreviveu-a-queda-de-moro-como-se-livrou-de-um-estorvo","status":"publish","type":"post","link":"https:\/\/blogs2.correiobraziliense.com.br\/vicente\/a-aliados-bolsonaro-diz-que-nao-so-sobreviveu-a-queda-de-moro-como-se-livrou-de-um-estorvo\/","title":{"rendered":"A aliados, Bolsonaro diz que n\u00e3o s\u00f3 sobreviveu \u00e0 queda de Moro, como se livrou de um estorvo"},"content":{"rendered":"<h2>A sexta-feira, 24 de julho, marcar\u00e1 tr\u00eas meses da sa\u00edda de Sergio Moro do governo. A aliados, quando questionado sobre o assunto, o presidente Jair Bolsonaro diz que n\u00e3o s\u00f3 sobreviveu \u00e0 queda do ex-juiz do Minist\u00e9rio da Justi\u00e7a, como se livrou de um grande estorvo.<\/h2>\n<p>&nbsp;<\/p>\n<p>Muita gente, segundo aliados de Bolsonaro, chegou a duvidar da capacidade do presidente de se sustentar no governo diante da demiss\u00e3o de seu ministro mais popular. Alguns chegaram a dizer que a sa\u00edda de Moro do governo daria in\u00edcio ao processo de afastamento de Bolsonaro por causa de uma forte perda de apoio entre o eleitorado.<\/p>\n<p>&nbsp;<\/p>\n<p>Olhando para tr\u00e1s, conforme relatos de quem conversou com Bolsonaro sobre o assunto, a sensa\u00e7\u00e3o que se tem no Pal\u00e1cio do Planalto \u00e9 de que o presidente livrou-se de uma sombra. Moro era um empecilho para o exerc\u00edcio da autoridade presidencial em uma \u00e1rea sens\u00edvel, como a de seguran\u00e7a.<\/p>\n<p>&nbsp;<\/p>\n<p>Nas mesmas conversas, Bolsonaro ressalta que sua popularidade se manteve e, agora, come\u00e7a a melhorar, e Moro sumiu do debate p\u00fablico. Dados da Bites Consultoria, citados pelo Planalto, apontam que, em 24 de abril, quando Moro pediu demiss\u00e3o do Minist\u00e9rio da Justi\u00e7a, houve 1,8 milh\u00e3o de men\u00e7\u00f5es sobre ele no Twitter. Agora, n\u00e3o consegue passar de 16 mil por dia.<\/p>\n<p>&nbsp;<\/p>\n<p><strong>Bolsonaro v\u00ea Moro como advers\u00e1rio em 2022<\/strong><\/p>\n<p>&nbsp;<\/p>\n<p>Bolsonaro admite, por\u00e9m, que, mesmo com Moro enfraquecido, o ex-juiz tende a ser seu principal advers\u00e1rio nas elei\u00e7\u00f5es de 2022, pois o grosso do eleitorado n\u00e3o est\u00e1 disposto a sair do espectro da direita. E Moro disputar\u00e1 esse p\u00fablico conservador.<\/p>\n<p>&nbsp;<\/p>\n<p>Entre os aliados, a perspectiva \u00e9 de que, com a economia melhorando e os programas sociais do governo, como o Renda Brasil, atingindo um p\u00fablico maior do que o atual Bolsa Fam\u00edlia, prevalecer\u00e1 a vis\u00e3o, sobretudo entre os mais pobres, de que, se est\u00e1 funcionando, n\u00e3o h\u00e1 porque mudar.<\/p>\n<p>&nbsp;<\/p>\n<p>Os mesmos aliados ressaltam, ainda, a satisfa\u00e7\u00e3o de Bolsonaro com o atual ministro da Justi\u00e7a e Seguran\u00e7a P\u00fablica, Andr\u00e9 Mendon\u00e7a, que deixou seu perfil discreto de lado para comprar brigas em favor do presidente, coisa que Moro jamais fez. O presidente valoriza demais esse comportamento de Mendon\u00e7a.<\/p>\n<p>&nbsp;<\/p>\n<p><em>Bras\u00edlia, 20h07min<\/em><\/p>\n","protected":false},"excerpt":{"rendered":"<p>A sexta-feira, 24 de julho, marcar\u00e1 tr\u00eas meses da sa\u00edda de Sergio Moro do governo. A aliados, quando questionado sobre o assunto, o presidente Jair Bolsonaro diz que n\u00e3o s\u00f3 sobreviveu \u00e0 queda do ex-juiz do Minist\u00e9rio da Justi\u00e7a, como se livrou de um grande estorvo. &nbsp; Muita gente, segundo aliados de Bolsonaro, chegou a [&hellip;]<\/p>\n","protected":false},"author":22,"featured_media":11699,"comment_status":"open","ping_status":"closed","sticky":false,"template":"","format":"standard","meta":{"wpb_read_more":[],"footnotes":""},"categories":[600],"tags":[2554,22,282,1836,2392,2837],"class_list":["post-14884","post","type-post","status-publish","format-standard","has-post-thumbnail","hentry","category-economia","tag-bolsonaro","tag-demissao","tag-justica","tag-ministerio","tag-moro","tag-sobrevivencia"],"_links":{"self":[{"href":"https:\/\/blogs2.correiobraziliense.com.br\/vicente\/wp-json\/wp\/v2\/posts\/14884","targetHints":{"allow":["GET"]}}],"collection":[{"href":"https:\/\/blogs2.correiobraziliense.com.br\/vicente\/wp-json\/wp\/v2\/posts"}],"about":[{"href":"https:\/\/blogs2.correiobraziliense.com.br\/vicente\/wp-json\/wp\/v2\/types\/post"}],"author":[{"embeddable":true,"href":"https:\/\/blogs2.correiobraziliense.com.br\/vicente\/wp-json\/wp\/v2\/users\/22"}],"replies":[{"embeddable":true,"href":"https:\/\/blogs2.correiobraziliense.com.br\/vicente\/wp-json\/wp\/v2\/comments?post=14884"}],"version-history":[{"count":1,"href":"https:\/\/blogs2.correiobraziliense.com.br\/vicente\/wp-json\/wp\/v2\/posts\/14884\/revisions"}],"predecessor-version":[{"id":14885,"href":"https:\/\/blogs2.correiobraziliense.com.br\/vicente\/wp-json\/wp\/v2\/posts\/14884\/revisions\/14885"}],"wp:featuredmedia":[{"embeddable":true,"href":"https:\/\/blogs2.correiobraziliense.com.br\/vicente\/wp-json\/wp\/v2\/media\/11699"}],"wp:attachment":[{"href":"https:\/\/blogs2.correiobraziliense.com.br\/vicente\/wp-json\/wp\/v2\/media?parent=14884"}],"wp:term":[{"taxonomy":"category","embeddable":true,"href":"https:\/\/blogs2.correiobraziliense.com.br\/vicente\/wp-json\/wp\/v2\/categories?post=14884"},{"taxonomy":"post_tag","embeddable":true,"href":"https:\/\/blogs2.correiobraziliense.com.br\/vicente\/wp-json\/wp\/v2\/tags?post=14884"}],"curies":[{"name":"wp","href":"https:\/\/api.w.org\/{rel}","templated":true}]}}