{"id":14892,"date":"2020-07-22T10:25:43","date_gmt":"2020-07-22T13:25:43","guid":{"rendered":"https:\/\/blogs2.correiobraziliense.com.br\/vicente\/?p=14892"},"modified":"2020-07-22T10:25:43","modified_gmt":"2020-07-22T13:25:43","slug":"mudancas-nos-dados-da-balanca-nao-agradam-e-criticas-continuam","status":"publish","type":"post","link":"https:\/\/blogs2.correiobraziliense.com.br\/vicente\/mudancas-nos-dados-da-balanca-nao-agradam-e-criticas-continuam\/","title":{"rendered":"Mudan\u00e7as nos dados da balan\u00e7a n\u00e3o agradam e cr\u00edticas continuam"},"content":{"rendered":"<p>ROSANA HESSEL<\/p>\n<p>&nbsp;<\/p>\n<p>A partir de agosto, o Minist\u00e9rio da Economia vai descontinuar uma s\u00e9rie de tabelas da balan\u00e7a comercial brasileira e, apesar de os avisos das mudan\u00e7as terem sido feitos h\u00e1 quase um ano, as queixas continuam.<\/p>\n<p>&nbsp;<\/p>\n<p>&#8220;Os dados agora est\u00e3o mais dif\u00edceis de serem encontrados e n\u00e3o d\u00e1 para fazer levantamentos de hist\u00f3ricos de produtos embarcados para diversos pa\u00edses&#8221;, lamentou um economista que costumava acompanhar os dados com frequ\u00eancia, mas est\u00e1 com problemas para conseguir dados consolidados. Segundo ele, houve uma piora na transpar\u00eancias dos dados, que eram mais facilmente encontrados das s\u00e9ries hist\u00f3ricas da pasta e que agora est\u00e3o mais confusos.<\/p>\n<p>&nbsp;<\/p>\n<p>Procurada, a\u00a0Secretaria de Com\u00e9rcio Exterior (Secex), do Minist\u00e9rio da Economia, refutou as cr\u00edticas e negou a falta de transpar\u00eancia. &#8220;Pelo contr\u00e1rio, a divulga\u00e7\u00e3o das estat\u00edsticas do com\u00e9rcio exterior brasileiro alcan\u00e7a n\u00edveis de detalhes, diversidades de publica\u00e7\u00e3o e op\u00e7\u00f5es de formatos abertos que poucos pa\u00edses t\u00eam&#8221;, informou a pasta, em nota, refor\u00e7ando que as mudan\u00e7as foram anunciadas com anteced\u00eancia: em setembro de 2019.<\/p>\n<p>&nbsp;<\/p>\n<p>A assessoria da Secex informou que, em abril de 2020, as divulga\u00e7\u00f5es foram substitu\u00eddas, conforme prazo anunciado previamente. No entanto, em maio, a pasta informou que acatou pedido de jornalistas e prorrogou o prazo de algumas publica\u00e7\u00f5es. Em julho de 2020, ap\u00f3s a prorroga\u00e7\u00e3o, &#8220;a Secex passou a divulgar apenas o novo modelo que vinha sendo divulgado em paralelo desde setembro de 2019&#8221;.<\/p>\n<p>&nbsp;<\/p>\n<p>De acordo com a secretaria, o Brasil \u00e9 um dos pa\u00edses que mais divulga dados de com\u00e9rcio exterior no mundo &#8220;e toda e qualquer mudan\u00e7a realizada nas divulga\u00e7\u00f5es ou na metodologia dos dados estat\u00edsticos \u00e9 amplamente comunicada com bastante anteced\u00eancia e explicada em m\u00e1ximo de detalhes&#8221;.<\/p>\n<p>&nbsp;<\/p>\n<p>&#8220;As estat\u00edsticas de com\u00e9rcio exterior brasileiro s\u00e3o compiladas em alinhamento com o manual de refer\u00eancia internacional sobre o tema, mantido e revisado pela ONU (Organiza\u00e7\u00e3o das Na\u00e7\u00f5es Unidas)&#8221;, informou. &#8220;Gradativamente as publica\u00e7\u00f5es foram adaptadas e as estat\u00edsticas passaram a ser divulgadas em classifica\u00e7\u00f5es internacionais criadas e atualizadas pela ONU&#8221;, afirmou.<\/p>\n<p>&nbsp;<\/p>\n<p>&#8220;Vale salientar que houve relevante aumento da transpar\u00eancia da informa\u00e7\u00e3o divulgada, principalmente em rela\u00e7\u00e3o aos dados semanais. Al\u00e9m de adotar uma classifica\u00e7\u00e3o internacional mais precisa e com robusto respaldo metodol\u00f3gico, a publica\u00e7\u00e3o preliminar semanal passou a divulgar todos os produtos da pauta brasileira em exporta\u00e7\u00e3o e importa\u00e7\u00e3o. A divulga\u00e7\u00e3o anterior, em \u201cFator Agregado\u201d, divulgava apenas um recorte dos principais produtos da pauta brasileira. Receb\u00edamos recorrentes reclama\u00e7\u00f5es de diversos setores pedindo amplia\u00e7\u00e3o da divulga\u00e7\u00e3o&#8221;, disse a secretaria.<\/p>\n<p>&nbsp;<\/p>\n<p>Para a Secex, &#8220;houve relevante aumento da transpar\u00eancia da informa\u00e7\u00e3o divulgada, principalmente em rela\u00e7\u00e3o aos dados semanais&#8221;. &#8220;Al\u00e9m de adotar uma classifica\u00e7\u00e3o internacional mais precisa e com robusto respaldo metodol\u00f3gico, a publica\u00e7\u00e3o preliminar semanal passou a divulgar todos os produtos da pauta brasileira em exporta\u00e7\u00e3o e importa\u00e7\u00e3o. A divulga\u00e7\u00e3o anterior, em \u201cFator Agregado\u201d, divulgava apenas um recorte dos principais produtos da pauta brasileira. Receb\u00edamos recorrentes reclama\u00e7\u00f5es de diversos setores pedindo amplia\u00e7\u00e3o da divulga\u00e7\u00e3o&#8221;, adicionou.<\/p>\n<p>&nbsp;<\/p>\n<p>Vale lembrar que, no fim do ano passado, devido a &#8220;problemas t\u00e9cnicos&#8221; na computa\u00e7\u00e3o dos dados da balan\u00e7a, um erro de programa\u00e7\u00e3o deixou as exporta\u00e7\u00f5es com US$ 6,5 bilh\u00f5es a menos do que efetivamente registrado.<\/p>\n<p>&nbsp;<\/p>\n<p>&nbsp;<\/p>\n<p>&nbsp;<\/p>\n<p><a href=\"https:\/\/blogs2.correiobraziliense.com.br\/vicente\/wp-content\/uploads\/sites\/16\/2020\/07\/WhatsApp-Image-2020-07-22-at-10.14.17.jpeg\"><img loading=\"lazy\" decoding=\"async\" class=\"alignnone size-large wp-image-14901\" src=\"https:\/\/blogs2.correiobraziliense.com.br\/vicente\/wp-content\/uploads\/sites\/16\/2020\/07\/WhatsApp-Image-2020-07-22-at-10.14.17-1024x575.jpeg\" alt=\"\" width=\"1024\" height=\"575\" srcset=\"https:\/\/blogs2.correiobraziliense.com.br\/vicente\/wp-content\/uploads\/sites\/16\/2020\/07\/WhatsApp-Image-2020-07-22-at-10.14.17-1024x575.jpeg 1024w, https:\/\/blogs2.correiobraziliense.com.br\/vicente\/wp-content\/uploads\/sites\/16\/2020\/07\/WhatsApp-Image-2020-07-22-at-10.14.17-300x169.jpeg 300w, https:\/\/blogs2.correiobraziliense.com.br\/vicente\/wp-content\/uploads\/sites\/16\/2020\/07\/WhatsApp-Image-2020-07-22-at-10.14.17-768x431.jpeg 768w, https:\/\/blogs2.correiobraziliense.com.br\/vicente\/wp-content\/uploads\/sites\/16\/2020\/07\/WhatsApp-Image-2020-07-22-at-10.14.17-550x309.jpeg 550w, https:\/\/blogs2.correiobraziliense.com.br\/vicente\/wp-content\/uploads\/sites\/16\/2020\/07\/WhatsApp-Image-2020-07-22-at-10.14.17-230x129.jpeg 230w, https:\/\/blogs2.correiobraziliense.com.br\/vicente\/wp-content\/uploads\/sites\/16\/2020\/07\/WhatsApp-Image-2020-07-22-at-10.14.17.jpeg 1280w\" sizes=\"auto, (max-width: 1024px) 100vw, 1024px\" \/><\/a><\/p>\n<p>&nbsp;<\/p>\n<p>&nbsp;<\/p>\n<p>Veja a \u00edntegra da nota da Secex:<br \/>\n<em>\u200b<\/em><\/p>\n<p>&nbsp;<\/p>\n<p><em>&#8220;Primeiramente cabe destacar que n\u00e3o h\u00e1 falta de transpar\u00eancia na divulga\u00e7\u00e3o dos dados de com\u00e9rcio exterior, em nenhuma hip\u00f3tese. Pelo contr\u00e1rio, a divulga\u00e7\u00e3o das estat\u00edsticas do com\u00e9rcio exterior brasileiro alcan\u00e7a n\u00edveis de detalhes, diversidades de publica\u00e7\u00e3o e op\u00e7\u00f5es de formatos abertos que poucos pa\u00edses t\u00eam. Al\u00e9m disso, o Brasil atualmente \u00e9 o pa\u00eds que tem a maior frequ\u00eancia e tempestividade de divulga\u00e7\u00e3o de dados de com\u00e9rcio exterior do mundo (semanal e mensal no primeiro dia \u00fatil). Ressaltamos que toda e qualquer mudan\u00e7a realizada nas divulga\u00e7\u00f5es ou na metodologia dos dados estat\u00edsticos \u00e9 amplamente comunicada com bastante anteced\u00eancia e explicada em m\u00e1ximo de detalhes, tanto em notas metodol\u00f3gicas quanto em manuais dispon\u00edveis nas p\u00e1ginas de divulga\u00e7\u00f5es.<\/em><\/p>\n<p>&nbsp;<\/p>\n<p><em>As estat\u00edsticas de com\u00e9rcio exterior brasileiro s\u00e3o compiladas em alinhamento com o manual de refer\u00eancia internacional sobre o tema, mantido e revisado pela ONU (IMTS-2010). Conforme vem sendo anunciado na p\u00e1gina de divulga\u00e7\u00e3o desde setembro de 2019 (http:\/\/www.siscomex.gov.br\/balanca-comercial-traz-agora-classificacao-de-produtos-por-setor-de-atividade-economica\/), as classifica\u00e7\u00f5es adotadas nas divulga\u00e7\u00f5es das estat\u00edsticas de com\u00e9rcio exterior est\u00e3o passando por adequa\u00e7\u00f5es para buscar maior alinhamento com as recomenda\u00e7\u00f5es internacionais (IMTS-2010, Cap\u00edtulo III, item B e E, https:\/\/unstats.un.org\/unsd\/trade\/eg-imts\/IMTS%202010%20(English).pdf). Gradativamente as publica\u00e7\u00f5es foram adaptadas e as estat\u00edsticas passaram a ser divulgadas em classifica\u00e7\u00f5es internacionais criadas e atualizadas pela ONU (ISIC em https:\/\/unstats.un.org\/unsd\/publication\/seriesM\/seriesm_4rev4e.pdf e CUCI em https:\/\/unstats.un.org\/unsd\/publication\/SeriesM\/SeriesM_34rev4E.pdf).<\/em><\/p>\n<p>&nbsp;<\/p>\n<p><em>Durante todo o per\u00edodo de adapta\u00e7\u00e3o para incorporar as novas classifica\u00e7\u00f5es, as publica\u00e7\u00f5es semanais preliminares e mensais que adotavam a classifica\u00e7\u00e3o de Fator Agregado (antigo formato de classifica\u00e7\u00e3o) continuaram sendo atualizadas, sem interrup\u00e7\u00f5es, juntamente das novas publica\u00e7\u00f5es que adotam as classifica\u00e7\u00f5es internacionais. Ou seja, as publica\u00e7\u00f5es novas e antigas foram mantidas em paralelo por um longo per\u00edodo.<\/em><\/p>\n<p>&nbsp;<\/p>\n<p><em>Em abril de 2020, as divulga\u00e7\u00f5es foram substitu\u00eddas, conforme prazo anunciado previamente. No entanto, em maio, acatamos pedido de jornalistas que acompanham as coletivas da balan\u00e7a comercial, para prorroga\u00e7\u00e3o do prazo de algumas publica\u00e7\u00f5es. Em julho de 2020, ap\u00f3s a prorroga\u00e7\u00e3o, finalizamos as publica\u00e7\u00f5es antigas e passamos a divulgar apenas o novo modelo, que j\u00e1 vinha sendo divulgado em paralelo desde setembro de 2019.<\/em><\/p>\n<p>&nbsp;<\/p>\n<p><em>Apenas uma divulga\u00e7\u00e3o permaneceu sendo publicada em paralelo com a nova classifica\u00e7\u00e3o \u2013 a dos relat\u00f3rios com s\u00e9ries anuais e mensais em planilhas Excel. Essa publica\u00e7\u00e3o teve prazo diferenciado por conta dos ajustes nas sistem\u00e1ticas de elabora\u00e7\u00e3o, tamb\u00e9m anunciado na pr\u00f3pria p\u00e1gina de divulga\u00e7\u00e3o, indicando agosto de 2020 como data final. A p\u00e1gina indica quais s\u00e3o os novos relat\u00f3rios e quais ser\u00e3o descontinuados. Nesse caso espec\u00edfico, as informa\u00e7\u00f5es s\u00e3o precisamente as mesmas, sem retirar absolutamente nada, apenas convertendo para a classifica\u00e7\u00e3o internacional mais apurada, ou seja, sem perda alguma de dados em rela\u00e7\u00e3o ao modelo anterior.<\/em><\/p>\n<p>&nbsp;<\/p>\n<p><em>Vale salientar que houve relevante aumento da transpar\u00eancia da informa\u00e7\u00e3o divulgada, principalmente em rela\u00e7\u00e3o aos dados semanais. Al\u00e9m de adotar uma classifica\u00e7\u00e3o internacional mais precisa e com robusto respaldo metodol\u00f3gico, a publica\u00e7\u00e3o preliminar semanal passou a divulgar todos os produtos da pauta brasileira em exporta\u00e7\u00e3o e importa\u00e7\u00e3o. A divulga\u00e7\u00e3o anterior, em \u201cFator Agregado\u201d, divulgava apenas um recorte dos principais produtos da pauta brasileira. Receb\u00edamos recorrentes reclama\u00e7\u00f5es de diversos setores pedindo amplia\u00e7\u00e3o da divulga\u00e7\u00e3o.<\/em><\/p>\n<p>&nbsp;<\/p>\n<p><em>Em pesquisa de opini\u00e3o realizada em 2018, divulgada na p\u00e1gina de divulga\u00e7\u00e3o semanal (a mais acessada das estat\u00edsticas), a maioria dos respondentes solicitou mudan\u00e7as na publica\u00e7\u00e3o para que ampli\u00e1ssemos a pauta de produtos divulgados, n\u00e3o nos restringindo apenas aos principais. Com a reformula\u00e7\u00e3o da publica\u00e7\u00e3o para se adaptar \u00e0s novas classifica\u00e7\u00f5es, conseguimos atender plenamente a essa sugest\u00e3o. Em compromisso com a transpar\u00eancia, a publica\u00e7\u00e3o semanal passou a divulgar 100% da pauta brasileira detalhada em n\u00edvel de produto.<\/em><\/p>\n<p>&nbsp;<\/p>\n<p><em>Dessa forma, refutamos completamente acusa\u00e7\u00f5es de falta de transpar\u00eancia, pois a transpar\u00eancia sempre foi o compromisso principal das equipes t\u00e9cnicas que compilam e divulgam as estat\u00edsticas de com\u00e9rcio exterior. Todo o processo de transi\u00e7\u00e3o foi amplamente anunciado, com prazos de adapta\u00e7\u00e3o, suporte da equipe e constante implementa\u00e7\u00e3o das sugest\u00f5es.<\/em><\/p>\n<p>&nbsp;<\/p>\n<p><em>Caso persistam d\u00favidas, pedimos que a jornalista especifique quais seriam os elementos que indicam a alegada falta de transpar\u00eancia dos dados. No que diz respeito aos setoristas insatisfeitos, permanecemos, como sempre, atentos ao envio de sugest\u00f5es por meio do e-mail CGET@mdic.gov.br ou via demanda de Lei de Acesso \u00e0 Informa\u00e7\u00e3o, para que a equipe possa avaliar e implementar toda e qualquer melhoria que for tecnicamente poss\u00edvel.&#8221;<\/em><\/p>\n<p>&nbsp;<\/p>\n","protected":false},"excerpt":{"rendered":"<p>ROSANA HESSEL &nbsp; A partir de agosto, o Minist\u00e9rio da Economia vai descontinuar uma s\u00e9rie de tabelas da balan\u00e7a comercial brasileira e, apesar de os avisos das mudan\u00e7as terem sido feitos h\u00e1 quase um ano, as queixas continuam. &nbsp; &#8220;Os dados agora est\u00e3o mais dif\u00edceis de serem encontrados e n\u00e3o d\u00e1 para fazer levantamentos de [&hellip;]<\/p>\n","protected":false},"author":22,"featured_media":0,"comment_status":"open","ping_status":"closed","sticky":false,"template":"","format":"standard","meta":{"wpb_read_more":[],"footnotes":""},"categories":[600],"tags":[497,4747,2946],"class_list":["post-14892","post","type-post","status-publish","format-standard","hentry","category-economia","tag-balanca-comercial","tag-secex","tag-transparencia"],"_links":{"self":[{"href":"https:\/\/blogs2.correiobraziliense.com.br\/vicente\/wp-json\/wp\/v2\/posts\/14892","targetHints":{"allow":["GET"]}}],"collection":[{"href":"https:\/\/blogs2.correiobraziliense.com.br\/vicente\/wp-json\/wp\/v2\/posts"}],"about":[{"href":"https:\/\/blogs2.correiobraziliense.com.br\/vicente\/wp-json\/wp\/v2\/types\/post"}],"author":[{"embeddable":true,"href":"https:\/\/blogs2.correiobraziliense.com.br\/vicente\/wp-json\/wp\/v2\/users\/22"}],"replies":[{"embeddable":true,"href":"https:\/\/blogs2.correiobraziliense.com.br\/vicente\/wp-json\/wp\/v2\/comments?post=14892"}],"version-history":[{"count":3,"href":"https:\/\/blogs2.correiobraziliense.com.br\/vicente\/wp-json\/wp\/v2\/posts\/14892\/revisions"}],"predecessor-version":[{"id":14902,"href":"https:\/\/blogs2.correiobraziliense.com.br\/vicente\/wp-json\/wp\/v2\/posts\/14892\/revisions\/14902"}],"wp:attachment":[{"href":"https:\/\/blogs2.correiobraziliense.com.br\/vicente\/wp-json\/wp\/v2\/media?parent=14892"}],"wp:term":[{"taxonomy":"category","embeddable":true,"href":"https:\/\/blogs2.correiobraziliense.com.br\/vicente\/wp-json\/wp\/v2\/categories?post=14892"},{"taxonomy":"post_tag","embeddable":true,"href":"https:\/\/blogs2.correiobraziliense.com.br\/vicente\/wp-json\/wp\/v2\/tags?post=14892"}],"curies":[{"name":"wp","href":"https:\/\/api.w.org\/{rel}","templated":true}]}}