{"id":149,"date":"2015-07-27T16:04:00","date_gmt":"2015-07-27T19:04:00","guid":{"rendered":"https:\/\/blogs2.correiobraziliense.com.br\/vicente\/expectativas_de_inflacao_para_2017_voltam_a_piorar\/"},"modified":"2015-07-27T16:04:00","modified_gmt":"2015-07-27T19:04:00","slug":"expectativas_de_inflacao_para_2017_voltam_a_piorar","status":"publish","type":"post","link":"https:\/\/blogs2.correiobraziliense.com.br\/vicente\/expectativas_de_inflacao_para_2017_voltam_a_piorar\/","title":{"rendered":"EXPECTATIVAS DE INFLA\u00c7\u00c3O PARA 2017 VOLTAM A PIORAR"},"content":{"rendered":"\n<p>Mais uma not\u00edcia ruim para o Banco Central. As expectativas de infla\u00e7\u00e3o para 2017, que vinham caindo e estavam a um passo de bater em 4,5%, o centro da meta, voltaram a subir. Passaram de 4,60% para 4,70%, j\u00e1 incorporando a recente alta do d\u00f3lar e as metas mais frouxas de arrocho fiscal. <\/p>\n<p>Tamb\u00e9m para 2016, as expectativas de curto prazo dos Top 5, institui\u00e7\u00f5es que mais acertam as proje\u00e7\u00f5es de infla\u00e7\u00e3o, aumentaram: de 5,50% para 5,59%. <\/p>\n<p>Isso mostra que a promessa do BC de levar a infla\u00e7\u00e3o para o centro da meta at\u00e9 o fim do ano que vem ainda est\u00e1 distante de ser comprada pelo mercado. <\/p>\n<p>Bras\u00edlia, 16h05min   <\/p>\n","protected":false},"excerpt":{"rendered":"<p>Mais uma not\u00edcia ruim para o Banco Central. As expectativas de infla\u00e7\u00e3o para 2017, que vinham caindo e estavam a um passo de bater em 4,5%, o centro da meta, voltaram a subir. Passaram de 4,60% para 4,70%, j\u00e1 incorporando a recente alta do d\u00f3lar e as metas mais frouxas de arrocho fiscal. Tamb\u00e9m para [&hellip;]<\/p>\n","protected":false},"author":22,"featured_media":0,"comment_status":"open","ping_status":"open","sticky":false,"template":"","format":"standard","meta":{"wpb_read_more":[],"footnotes":""},"categories":[1],"tags":[],"class_list":["post-149","post","type-post","status-publish","format-standard","hentry","category-sem-categoria"],"_links":{"self":[{"href":"https:\/\/blogs2.correiobraziliense.com.br\/vicente\/wp-json\/wp\/v2\/posts\/149","targetHints":{"allow":["GET"]}}],"collection":[{"href":"https:\/\/blogs2.correiobraziliense.com.br\/vicente\/wp-json\/wp\/v2\/posts"}],"about":[{"href":"https:\/\/blogs2.correiobraziliense.com.br\/vicente\/wp-json\/wp\/v2\/types\/post"}],"author":[{"embeddable":true,"href":"https:\/\/blogs2.correiobraziliense.com.br\/vicente\/wp-json\/wp\/v2\/users\/22"}],"replies":[{"embeddable":true,"href":"https:\/\/blogs2.correiobraziliense.com.br\/vicente\/wp-json\/wp\/v2\/comments?post=149"}],"version-history":[{"count":0,"href":"https:\/\/blogs2.correiobraziliense.com.br\/vicente\/wp-json\/wp\/v2\/posts\/149\/revisions"}],"wp:attachment":[{"href":"https:\/\/blogs2.correiobraziliense.com.br\/vicente\/wp-json\/wp\/v2\/media?parent=149"}],"wp:term":[{"taxonomy":"category","embeddable":true,"href":"https:\/\/blogs2.correiobraziliense.com.br\/vicente\/wp-json\/wp\/v2\/categories?post=149"},{"taxonomy":"post_tag","embeddable":true,"href":"https:\/\/blogs2.correiobraziliense.com.br\/vicente\/wp-json\/wp\/v2\/tags?post=149"}],"curies":[{"name":"wp","href":"https:\/\/api.w.org\/{rel}","templated":true}]}}