{"id":14903,"date":"2020-07-22T18:09:50","date_gmt":"2020-07-22T21:09:50","guid":{"rendered":"https:\/\/blogs2.correiobraziliense.com.br\/vicente\/?p=14903"},"modified":"2020-07-22T20:50:39","modified_gmt":"2020-07-22T23:50:39","slug":"mourao-acerta-com-bancos-privados-desmatamento-zero-no-setor-de-carnes","status":"publish","type":"post","link":"https:\/\/blogs2.correiobraziliense.com.br\/vicente\/mourao-acerta-com-bancos-privados-desmatamento-zero-no-setor-de-carnes\/","title":{"rendered":"Mour\u00e3o acerta com bancos privados desmatamento zero no setor de carnes"},"content":{"rendered":"<p>O vice-presidente Hamilton Mour\u00e3o se reuniu hoje com representantes dos tr\u00eas maiores bancos privados do pa\u00eds \u2014 Ita\u00fa Unibanco, Bradesco e Santander. O objetivo foi a formula\u00e7\u00e3o de medidas para o desenvolvimento sustent\u00e1vel da Amaz\u00f4nia Legal, entre elas, o desmatamento zero no setor de carnes. O Brasil \u00e9 o maior exportador mundial do produto.<\/p>\n<p>&nbsp;<\/p>\n<p>No encontro, foram definidos os\u00a0focos estrat\u00e9gicos de apoio \u00e0 conserva\u00e7\u00e3o ambiental e ao desenvolvimento da bioeconomia, al\u00e9m de investimento em infraestrutura sustent\u00e1vel e contribui\u00e7\u00e3o para a garantia dos direitos b\u00e1sicos da popula\u00e7\u00e3o, a fim de apoiar projetos de investimento na regi\u00e3o amaz\u00f4nica. Foram apresentadas as seguintes medidas:<\/p>\n<p>&nbsp;<\/p>\n<p><strong>*<\/strong> Atuar visando o desmatamento zero no setor de carnes, refor\u00e7ando dilig\u00eancias internas, apoiando a transi\u00e7\u00e3o e articulando empresas e associa\u00e7\u00f5es para a cria\u00e7\u00e3o de um compromisso setorial;<\/p>\n<p><strong>*<\/strong> Estimular as monoculturas sustent\u00e1veis (exemplos: cacau, a\u00e7a\u00ed, castanha, \u00f3leo de palma) por meio de linhas de financiamento diferenciadas, entre outras ferramentas financeiras e n\u00e3o financeiras;<\/p>\n<p><strong>*<\/strong> Estimular o desenvolvimento de infraestrutura de transporte (exemplo: hidrovi\u00e1rio) com metas ambientais, em troca de condi\u00e7\u00f5es diferenciadas (exemplo: funding, exig\u00eancias e parceiros);<\/p>\n<p><strong>*<\/strong> Viabilizar investimentos em infraestrutura b\u00e1sica para o desenvolvimento social, tais como: energia, internet, moradia, saneamento;<\/p>\n<p><strong>*<\/strong> Fomentar projetos que visem o desenvolvimento econ\u00f4mico e a conserva\u00e7\u00e3o por meio de ativos e instrumentos financeiros de lastro verde, como por exemplo: pagamento por servi\u00e7os ambientais (PSA), CBIOs e cr\u00e9ditos de carbono;<\/p>\n<p><strong>*<\/strong> Incorporar os impactos das mudan\u00e7as clim\u00e1ticas nas pol\u00edticas de cr\u00e9dito e investimentos de longo prazo, al\u00e9m de dar transpar\u00eancia em nossos reportes;<\/p>\n<p><strong>*<\/strong>\u00a0Ampliar o alcance de neg\u00f3cios que promovam a inclus\u00e3o e orienta\u00e7\u00e3o financeira na regi\u00e3o;<\/p>\n<p><strong>*<\/strong> Articular e apoiar a implanta\u00e7\u00e3o do sistema informatizado de registro de regulariza\u00e7\u00e3o fundi\u00e1ria;<\/p>\n<p><strong>*<\/strong> Articular a cria\u00e7\u00e3o de um fundo para atores e lideran\u00e7as locais que trabalhem em projetos de desenvolvimento socioecon\u00f4mico na regi\u00e3o;<\/p>\n<p><strong>*<\/strong> Atrair investimentos que promovam parcerias e o desenvolvimento de tecnologias que impulsionem a bioeconomia.<\/p>\n<p>Apesar de toda a disposi\u00e7\u00e3o em dar apoio \u00e0s medidas do governo, os banqueiros refor\u00e7aram a grande preocupa\u00e7\u00e3o dos investidores, em especial, os estrangeiros, em alocarem recursos para o Brasil diante da atual pol\u00edtica ambiental do governo, vista como incentivadora do desmatamento.<\/p>\n<p>&nbsp;<\/p>\n<p><em>Bras\u00edlia, 18h09min<\/em><\/p>\n","protected":false},"excerpt":{"rendered":"<p>O vice-presidente Hamilton Mour\u00e3o se reuniu hoje com representantes dos tr\u00eas maiores bancos privados do pa\u00eds \u2014 Ita\u00fa Unibanco, Bradesco e Santander. O objetivo foi a formula\u00e7\u00e3o de medidas para o desenvolvimento sustent\u00e1vel da Amaz\u00f4nia Legal, entre elas, o desmatamento zero no setor de carnes. O Brasil \u00e9 o maior exportador mundial do produto. &nbsp; [&hellip;]<\/p>\n","protected":false},"author":22,"featured_media":14904,"comment_status":"open","ping_status":"closed","sticky":false,"template":"","format":"standard","meta":{"wpb_read_more":[],"footnotes":""},"categories":[600],"tags":[2636,822,1438,3623,3655,4494,4749,4750],"class_list":["post-14903","post","type-post","status-publish","format-standard","has-post-thumbnail","hentry","category-economia","tag-amazonia","tag-bancos","tag-carnes","tag-investimento","tag-mourao","tag-privados","tag-s-desmatamento","tag-zero"],"_links":{"self":[{"href":"https:\/\/blogs2.correiobraziliense.com.br\/vicente\/wp-json\/wp\/v2\/posts\/14903","targetHints":{"allow":["GET"]}}],"collection":[{"href":"https:\/\/blogs2.correiobraziliense.com.br\/vicente\/wp-json\/wp\/v2\/posts"}],"about":[{"href":"https:\/\/blogs2.correiobraziliense.com.br\/vicente\/wp-json\/wp\/v2\/types\/post"}],"author":[{"embeddable":true,"href":"https:\/\/blogs2.correiobraziliense.com.br\/vicente\/wp-json\/wp\/v2\/users\/22"}],"replies":[{"embeddable":true,"href":"https:\/\/blogs2.correiobraziliense.com.br\/vicente\/wp-json\/wp\/v2\/comments?post=14903"}],"version-history":[{"count":2,"href":"https:\/\/blogs2.correiobraziliense.com.br\/vicente\/wp-json\/wp\/v2\/posts\/14903\/revisions"}],"predecessor-version":[{"id":14906,"href":"https:\/\/blogs2.correiobraziliense.com.br\/vicente\/wp-json\/wp\/v2\/posts\/14903\/revisions\/14906"}],"wp:featuredmedia":[{"embeddable":true,"href":"https:\/\/blogs2.correiobraziliense.com.br\/vicente\/wp-json\/wp\/v2\/media\/14904"}],"wp:attachment":[{"href":"https:\/\/blogs2.correiobraziliense.com.br\/vicente\/wp-json\/wp\/v2\/media?parent=14903"}],"wp:term":[{"taxonomy":"category","embeddable":true,"href":"https:\/\/blogs2.correiobraziliense.com.br\/vicente\/wp-json\/wp\/v2\/categories?post=14903"},{"taxonomy":"post_tag","embeddable":true,"href":"https:\/\/blogs2.correiobraziliense.com.br\/vicente\/wp-json\/wp\/v2\/tags?post=14903"}],"curies":[{"name":"wp","href":"https:\/\/api.w.org\/{rel}","templated":true}]}}