{"id":14980,"date":"2020-07-28T17:19:16","date_gmt":"2020-07-28T20:19:16","guid":{"rendered":"https:\/\/blogs2.correiobraziliense.com.br\/vicente\/?p=14980"},"modified":"2020-07-28T18:38:26","modified_gmt":"2020-07-28T21:38:26","slug":"rubem-novaes-irritou-funcionarios-do-bb-ao-demonstrar-ojeriza-por-brasilia-e-insinuar-que-todos-na-cidade-sao-corruptos","status":"publish","type":"post","link":"https:\/\/blogs2.correiobraziliense.com.br\/vicente\/rubem-novaes-irritou-funcionarios-do-bb-ao-demonstrar-ojeriza-por-brasilia-e-insinuar-que-todos-na-cidade-sao-corruptos\/","title":{"rendered":"Rubem Novaes irritou funcion\u00e1rios do BB ao demonstrar ojeriza por Bras\u00edlia e insinuar que todos na cidade s\u00e3o corruptos"},"content":{"rendered":"<h2>N\u00e3o foi \u00e0 toa a p\u00e9ssima rela\u00e7\u00e3o entre Rubem Novaes, quase ex-presidente do Banco do Brasil, com os funcion\u00e1rios da institui\u00e7\u00e3o. Em todas as oportunidades que p\u00f4de, o executivo fez quest\u00e3o de demonstrar sua ojeriza por Bras\u00edlia. Na vis\u00e3o de Novaes, todos os moradores da capital do pa\u00eds s\u00e3o corruptos.<\/h2>\n<p>&nbsp;<\/p>\n<p>Para funcion\u00e1rios do BB, Novaes nunca foi um executivo cl\u00e1ssico. Desde que assumiu a presid\u00eancia do banco, preferiu dedicar seu tempo \u00e0s rela\u00e7\u00f5es com o Minist\u00e9rio da Economia e com o Pal\u00e1cio do Planalto. Ao contr\u00e1rio de seus antecessores, quase nunca viajava para conhecer o papel do Banco do Brasil na vida real do pa\u00eds.<\/p>\n<p>&nbsp;<\/p>\n<p>Essas viagens, segundo os empregados do BB, ficavam a cargo dos vice-presidentes. Por isso, acrescentam, Novaes tinha uma vis\u00e3o limitada da institui\u00e7\u00e3o e alimentava o sonho de entregar o controle do banco \u00e0 iniciativa privada. A privatiza\u00e7\u00e3o, no entanto, foi barrada pelo presidente Jair Bolsonaro.<\/p>\n<p>&nbsp;<\/p>\n<p><strong>Novaes n\u00e3o deixar\u00e1 saudades<\/strong><\/p>\n<p>&nbsp;<\/p>\n<p>Novaes n\u00e3o deixar\u00e1 saudades no Banco do Brasil. Na verdade, sua gest\u00e3o ser\u00e1 marcada apenas pelas pol\u00eamicas que criou. Comprou briga com prefeitos, deputados e senadores, aos quais acusava de serem sangue-sugas do governo federal.<\/p>\n<p>&nbsp;<\/p>\n<p>Sua \u00faltima pol\u00eamica foi com o Tribunal de Contas da Uni\u00e3o (TCU). Sem o aval do Minist\u00e9rio da Economia e do Pal\u00e1cio do Planalto, ele recorreu ao TCU contra a proibi\u00e7\u00e3o de a institui\u00e7\u00e3o anunciar em sites especializados em espalhar fake news. Novaes v\u00ea nessa decis\u00e3o uma forma de cercear a atua\u00e7\u00e3o de apoiadores de Bolsonaro nas redes sociais.<\/p>\n<p>&nbsp;<\/p>\n<p>Novaes faz parte da ala mais radical do governo, que tem Olavo de Carvalho como \u00eddolo. Para ele, o Estado deve ser m\u00ednimo. Mas, a despeito de o governo Bolsonaro assumir publicamente uma postura liberal, nem o presidente da Rep\u00fablica nem os militares com cargos estrat\u00e9gicos no Pal\u00e1cio do Planalto compartilham do pensamento de um setor p\u00fablico esqu\u00e1lido.<\/p>\n<p>&nbsp;<\/p>\n<p><em>Bras\u00edlia, 17h19min<\/em><\/p>\n","protected":false},"excerpt":{"rendered":"<p>N\u00e3o foi \u00e0 toa a p\u00e9ssima rela\u00e7\u00e3o entre Rubem Novaes, quase ex-presidente do Banco do Brasil, com os funcion\u00e1rios da institui\u00e7\u00e3o. Em todas as oportunidades que p\u00f4de, o executivo fez quest\u00e3o de demonstrar sua ojeriza por Bras\u00edlia. Na vis\u00e3o de Novaes, todos os moradores da capital do pa\u00eds s\u00e3o corruptos. &nbsp; Para funcion\u00e1rios do BB, [&hellip;]<\/p>\n","protected":false},"author":22,"featured_media":14931,"comment_status":"open","ping_status":"closed","sticky":false,"template":"","format":"standard","meta":{"wpb_read_more":[],"footnotes":""},"categories":[600],"tags":[229,2554,926,4763,3616,4762,4029],"class_list":["post-14980","post","type-post","status-publish","format-standard","has-post-thumbnail","hentry","category-economia","tag-banco-do-brasil","tag-bolsonaro","tag-brasilia","tag-corruptos","tag-guedes","tag-ojeriza","tag-rubem-novaes"],"_links":{"self":[{"href":"https:\/\/blogs2.correiobraziliense.com.br\/vicente\/wp-json\/wp\/v2\/posts\/14980","targetHints":{"allow":["GET"]}}],"collection":[{"href":"https:\/\/blogs2.correiobraziliense.com.br\/vicente\/wp-json\/wp\/v2\/posts"}],"about":[{"href":"https:\/\/blogs2.correiobraziliense.com.br\/vicente\/wp-json\/wp\/v2\/types\/post"}],"author":[{"embeddable":true,"href":"https:\/\/blogs2.correiobraziliense.com.br\/vicente\/wp-json\/wp\/v2\/users\/22"}],"replies":[{"embeddable":true,"href":"https:\/\/blogs2.correiobraziliense.com.br\/vicente\/wp-json\/wp\/v2\/comments?post=14980"}],"version-history":[{"count":1,"href":"https:\/\/blogs2.correiobraziliense.com.br\/vicente\/wp-json\/wp\/v2\/posts\/14980\/revisions"}],"predecessor-version":[{"id":14981,"href":"https:\/\/blogs2.correiobraziliense.com.br\/vicente\/wp-json\/wp\/v2\/posts\/14980\/revisions\/14981"}],"wp:featuredmedia":[{"embeddable":true,"href":"https:\/\/blogs2.correiobraziliense.com.br\/vicente\/wp-json\/wp\/v2\/media\/14931"}],"wp:attachment":[{"href":"https:\/\/blogs2.correiobraziliense.com.br\/vicente\/wp-json\/wp\/v2\/media?parent=14980"}],"wp:term":[{"taxonomy":"category","embeddable":true,"href":"https:\/\/blogs2.correiobraziliense.com.br\/vicente\/wp-json\/wp\/v2\/categories?post=14980"},{"taxonomy":"post_tag","embeddable":true,"href":"https:\/\/blogs2.correiobraziliense.com.br\/vicente\/wp-json\/wp\/v2\/tags?post=14980"}],"curies":[{"name":"wp","href":"https:\/\/api.w.org\/{rel}","templated":true}]}}