{"id":15144,"date":"2020-08-10T14:58:55","date_gmt":"2020-08-10T17:58:55","guid":{"rendered":"https:\/\/blogs2.correiobraziliense.com.br\/vicente\/?p=15144"},"modified":"2020-08-10T17:08:42","modified_gmt":"2020-08-10T20:08:42","slug":"anvisa-autoriza-dose-de-reforco-na-vacina-de-oxford-contra-a-covid-e-amplia-idade-de-voluntarios-para-ate-69-anos","status":"publish","type":"post","link":"https:\/\/blogs2.correiobraziliense.com.br\/vicente\/anvisa-autoriza-dose-de-reforco-na-vacina-de-oxford-contra-a-covid-e-amplia-idade-de-voluntarios-para-ate-69-anos\/","title":{"rendered":"Anvisa autoriza dose de refor\u00e7o na vacina de Oxford contra a covid e amplia idade de volunt\u00e1rios para at\u00e9 69 anos"},"content":{"rendered":"<p>A Ag\u00eancia Nacional de Vigil\u00e2ncia Sanit\u00e1ria (Anvisa) autorizou, nesta segunda-feira (10\/08), mudan\u00e7as no protocolo de pesquisa da vacina de Oxford contra a covid-19. O imunizante est\u00e1 em fase de pesquisa como poss\u00edvel prote\u00e7\u00e3o em rela\u00e7\u00e3o \u00e0 doen\u00e7a.\u00a0A autoriza\u00e7\u00e3o de mudan\u00e7as no estudo est\u00e1 na Resolu\u00e7\u00e3o 2.895\/2020 publicada no <em>Di\u00e1rio Oficial da Uni\u00e3o<\/em>.<\/p>\n<p>&nbsp;<\/p>\n<p>Segundo a ag\u00eancia, foi aprovada a administra\u00e7\u00e3o de uma dose de refor\u00e7o para os volunt\u00e1rios que est\u00e3o participando do estudo. A dose de refor\u00e7o ser\u00e1 dada aos volunt\u00e1rios que j\u00e1 haviam sido vacinados e tamb\u00e9m aos que ainda v\u00e3o entrar para o estudo.<\/p>\n<p>&nbsp;<\/p>\n<p>Al\u00e9m disso, foi autorizada a amplia\u00e7\u00e3o da faixa et\u00e1ria para a realiza\u00e7\u00e3o dos testes. Com isso, volunt\u00e1rios com idade entre 18 e 69 anos poder\u00e3o participar da pesquisa. A faixa et\u00e1ria inicialmente aprovada era dos 18 aos 55 anos.<\/p>\n<p>&nbsp;<\/p>\n<p><strong>Testes ser\u00e3o feitos com seguran\u00e7a<\/strong><\/p>\n<p>&nbsp;<\/p>\n<p>Segundo a Anvisa, a vacina em teste era a \u00fanica que ainda n\u00e3o possu\u00eda dados para justificar a aplica\u00e7\u00e3o em pessoas na faixa et\u00e1ria entre 55 e 69 anos de idade. &#8220;Ap\u00f3s a apresenta\u00e7\u00e3o das informa\u00e7\u00f5es necess\u00e1rias pela empresa, a autoriza\u00e7\u00e3o para testes em volunt\u00e1rios de at\u00e9 69 anos foi deferida&#8221;, destaca o \u00f3rg\u00e3o.<\/p>\n<p>&nbsp;<\/p>\n<p>A Anvisa destaca ainda que o\u00a0intervalo para a segunda dose dos participantes deve ser de quatro semanas. &#8220;Para os volunt\u00e1rios que j\u00e1 passaram pelo estudo, a segunda dose deve ser dada entre quatro e seis semanas. Neste caso, a varia\u00e7\u00e3o do prazo se deve \u00e0 necessidade de entrar em contato com o volunt\u00e1rio e mobiliz\u00e1-los novamente para a dose de refor\u00e7o&#8221;, explica.<\/p>\n<p>&nbsp;<\/p>\n<p>A inclus\u00e3o da segunda dose na pesquisa foi motivada pela publica\u00e7\u00e3o de alguns resultados que mostraram que a dose de refor\u00e7o aumenta a chance de imuniza\u00e7\u00e3o. &#8220;A Anvisa autorizou a mudan\u00e7a da pesquisa com base nos dados de seguran\u00e7a at\u00e9 o momento. A expectativa \u00e9 que a segunda dose acrescente informa\u00e7\u00e3o aos estudos e sobe a forma pela qual essa vacina poder\u00e1 ser utilizada no futuro&#8221;, acrescenta.<\/p>\n<p>&nbsp;<\/p>\n<p><em>Bras\u00edlia, 14h58min<\/em><\/p>\n","protected":false},"excerpt":{"rendered":"<p>A Ag\u00eancia Nacional de Vigil\u00e2ncia Sanit\u00e1ria (Anvisa) autorizou, nesta segunda-feira (10\/08), mudan\u00e7as no protocolo de pesquisa da vacina de Oxford contra a covid-19. O imunizante est\u00e1 em fase de pesquisa como poss\u00edvel prote\u00e7\u00e3o em rela\u00e7\u00e3o \u00e0 doen\u00e7a.\u00a0A autoriza\u00e7\u00e3o de mudan\u00e7as no estudo est\u00e1 na Resolu\u00e7\u00e3o 2.895\/2020 publicada no Di\u00e1rio Oficial da Uni\u00e3o. &nbsp; Segundo a [&hellip;]<\/p>\n","protected":false},"author":22,"featured_media":13413,"comment_status":"open","ping_status":"closed","sticky":false,"template":"","format":"standard","meta":{"wpb_read_more":[],"footnotes":""},"categories":[600],"tags":[],"class_list":["post-15144","post","type-post","status-publish","format-standard","has-post-thumbnail","hentry","category-economia"],"_links":{"self":[{"href":"https:\/\/blogs2.correiobraziliense.com.br\/vicente\/wp-json\/wp\/v2\/posts\/15144","targetHints":{"allow":["GET"]}}],"collection":[{"href":"https:\/\/blogs2.correiobraziliense.com.br\/vicente\/wp-json\/wp\/v2\/posts"}],"about":[{"href":"https:\/\/blogs2.correiobraziliense.com.br\/vicente\/wp-json\/wp\/v2\/types\/post"}],"author":[{"embeddable":true,"href":"https:\/\/blogs2.correiobraziliense.com.br\/vicente\/wp-json\/wp\/v2\/users\/22"}],"replies":[{"embeddable":true,"href":"https:\/\/blogs2.correiobraziliense.com.br\/vicente\/wp-json\/wp\/v2\/comments?post=15144"}],"version-history":[{"count":1,"href":"https:\/\/blogs2.correiobraziliense.com.br\/vicente\/wp-json\/wp\/v2\/posts\/15144\/revisions"}],"predecessor-version":[{"id":15145,"href":"https:\/\/blogs2.correiobraziliense.com.br\/vicente\/wp-json\/wp\/v2\/posts\/15144\/revisions\/15145"}],"wp:featuredmedia":[{"embeddable":true,"href":"https:\/\/blogs2.correiobraziliense.com.br\/vicente\/wp-json\/wp\/v2\/media\/13413"}],"wp:attachment":[{"href":"https:\/\/blogs2.correiobraziliense.com.br\/vicente\/wp-json\/wp\/v2\/media?parent=15144"}],"wp:term":[{"taxonomy":"category","embeddable":true,"href":"https:\/\/blogs2.correiobraziliense.com.br\/vicente\/wp-json\/wp\/v2\/categories?post=15144"},{"taxonomy":"post_tag","embeddable":true,"href":"https:\/\/blogs2.correiobraziliense.com.br\/vicente\/wp-json\/wp\/v2\/tags?post=15144"}],"curies":[{"name":"wp","href":"https:\/\/api.w.org\/{rel}","templated":true}]}}