{"id":15155,"date":"2020-08-11T11:54:08","date_gmt":"2020-08-11T14:54:08","guid":{"rendered":"https:\/\/blogs2.correiobraziliense.com.br\/vicente\/?p=15155"},"modified":"2020-08-11T12:01:17","modified_gmt":"2020-08-11T15:01:17","slug":"fgts-distribuira-r-75-bilhoes-de-seu-lucro-para-os-trabalhadores","status":"publish","type":"post","link":"https:\/\/blogs2.correiobraziliense.com.br\/vicente\/fgts-distribuira-r-75-bilhoes-de-seu-lucro-para-os-trabalhadores\/","title":{"rendered":"FGTS distribuir\u00e1 R$ 7,5 bilh\u00f5es de seu lucro para os trabalhadores"},"content":{"rendered":"<h2>Seguindo a determina\u00e7\u00e3o da Lei n\u00ba 8.036\/1990, o Conselho Curador do Fundo de Garantia do Tempo de Servi\u00e7o (FGTS) distribuir\u00e1 R$ 7,5 bilh\u00f5es de seu lucro em 2019 aos trabalhadores.<\/h2>\n<p>&nbsp;<\/p>\n<p>Os recursos, segundo relat\u00f3rio enviado ao FGTS ao Tribunal de Contas da Uni\u00e3o (TCU), ser\u00e3o distribu\u00eddos por meio de\u00a0cr\u00e9dito nas contas vinculadas de titularidade dos trabalhadores. O repasse dos recursos dever\u00e1 ocorrer at\u00e9 31 de agostos. O dinheiro vai para as contas vinculadas que apresentarem saldo positivo em 31 de dezembro de 2019.<\/p>\n<p>&nbsp;<\/p>\n<p>O lucro do FGTS em\u00a02019 foi de R$ 11, 3 milh\u00f5es. Segundo o FGTS, os R$ 7,5 bilh\u00f5es que ser\u00e3o repassados aos trabalhadores ser\u00e3o\u00a0distribu\u00eddos de forma proporcional aos saldos das contas<br \/>\nvinculadas. Com isso, mais os juros e a atualiza\u00e7\u00e3o monet\u00e1rias obrigat\u00f3rios, o rendimento total do FGTS em 2019 ser\u00e1 de 4,90%<\/p>\n<p>&nbsp;<\/p>\n<p>Tal rentabilidade \u00e9 superior a aplica\u00e7\u00f5es com risco e tributa\u00e7\u00e3o semelhantes\u00a0 \u2014 a caderneta de poupan\u00e7a, por exemplo, que pagou 4,26% \u2014, supera a infla\u00e7\u00e3o medida pelo \u00cdndice de Pre\u00e7os ao Consumidor Amplo (IPCA) no ano passado, de 4,31%, proporcionando um ganho real aos saldos.<\/p>\n<p>&nbsp;<\/p>\n<p>Isso, segundo o fundo, cumpre o objetivo estrat\u00e9gico de preservar o poder de compra dos recursos dos trabalhadores. Desde 2017, quando o FGTS passou a distribuir parte dos lucros aos trabalhadores, o rendimento total dos recursos tem superado o ganho da poupan\u00e7a e a infla\u00e7\u00e3o.<\/p>\n","protected":false},"excerpt":{"rendered":"<p>Seguindo a determina\u00e7\u00e3o da Lei n\u00ba 8.036\/1990, o Conselho Curador do Fundo de Garantia do Tempo de Servi\u00e7o (FGTS) distribuir\u00e1 R$ 7,5 bilh\u00f5es de seu lucro em 2019 aos trabalhadores. &nbsp; Os recursos, segundo relat\u00f3rio enviado ao FGTS ao Tribunal de Contas da Uni\u00e3o (TCU), ser\u00e3o distribu\u00eddos por meio de\u00a0cr\u00e9dito nas contas vinculadas de titularidade [&hellip;]<\/p>\n","protected":false},"author":22,"featured_media":11400,"comment_status":"open","ping_status":"closed","sticky":false,"template":"","format":"standard","meta":{"wpb_read_more":[],"footnotes":""},"categories":[600],"tags":[],"class_list":["post-15155","post","type-post","status-publish","format-standard","has-post-thumbnail","hentry","category-economia"],"_links":{"self":[{"href":"https:\/\/blogs2.correiobraziliense.com.br\/vicente\/wp-json\/wp\/v2\/posts\/15155","targetHints":{"allow":["GET"]}}],"collection":[{"href":"https:\/\/blogs2.correiobraziliense.com.br\/vicente\/wp-json\/wp\/v2\/posts"}],"about":[{"href":"https:\/\/blogs2.correiobraziliense.com.br\/vicente\/wp-json\/wp\/v2\/types\/post"}],"author":[{"embeddable":true,"href":"https:\/\/blogs2.correiobraziliense.com.br\/vicente\/wp-json\/wp\/v2\/users\/22"}],"replies":[{"embeddable":true,"href":"https:\/\/blogs2.correiobraziliense.com.br\/vicente\/wp-json\/wp\/v2\/comments?post=15155"}],"version-history":[{"count":3,"href":"https:\/\/blogs2.correiobraziliense.com.br\/vicente\/wp-json\/wp\/v2\/posts\/15155\/revisions"}],"predecessor-version":[{"id":15158,"href":"https:\/\/blogs2.correiobraziliense.com.br\/vicente\/wp-json\/wp\/v2\/posts\/15155\/revisions\/15158"}],"wp:featuredmedia":[{"embeddable":true,"href":"https:\/\/blogs2.correiobraziliense.com.br\/vicente\/wp-json\/wp\/v2\/media\/11400"}],"wp:attachment":[{"href":"https:\/\/blogs2.correiobraziliense.com.br\/vicente\/wp-json\/wp\/v2\/media?parent=15155"}],"wp:term":[{"taxonomy":"category","embeddable":true,"href":"https:\/\/blogs2.correiobraziliense.com.br\/vicente\/wp-json\/wp\/v2\/categories?post=15155"},{"taxonomy":"post_tag","embeddable":true,"href":"https:\/\/blogs2.correiobraziliense.com.br\/vicente\/wp-json\/wp\/v2\/tags?post=15155"}],"curies":[{"name":"wp","href":"https:\/\/api.w.org\/{rel}","templated":true}]}}