{"id":15166,"date":"2020-08-11T17:53:30","date_gmt":"2020-08-11T20:53:30","guid":{"rendered":"https:\/\/blogs2.correiobraziliense.com.br\/vicente\/?p=15166"},"modified":"2020-08-11T17:54:00","modified_gmt":"2020-08-11T20:54:00","slug":"juros-do-casa-verde-amarela-novo-minha-casa-minha-vida-vao-variar-entre-425-e-45-ao-ano","status":"publish","type":"post","link":"https:\/\/blogs2.correiobraziliense.com.br\/vicente\/juros-do-casa-verde-amarela-novo-minha-casa-minha-vida-vao-variar-entre-425-e-45-ao-ano\/","title":{"rendered":"Juros do Casa Verde-Amarela, novo Minha Casa Minha Vida, v\u00e3o variar entre 4,25% e 4,5% ao ano"},"content":{"rendered":"<h2>Para alegria das construtoras, sobretudo as de menor porte, o governo j\u00e1 finalizou a reformula\u00e7\u00e3o do Minha Casa, Minha Vida, programa habitacional criado nos governos petistas. Al\u00e9m de mudar de nome, para Casa Verde-Amarela, ter\u00e1 redu\u00e7\u00e3o das taxas de juros para a faixa 1, que atende fam\u00edlias com renda mensal de at\u00e9 R$ 1.800.<\/h2>\n<p>&nbsp;<\/p>\n<p>A perspectiva \u00e9 de que os juros anuais fiquem entre 4,25% e 4,5% ao ano, ante os 5% atuais. A meta do governo \u00e9 que pelo menos 1 milh\u00e3o de fam\u00edlias sejam agregadas ao sistema e pelo menos 500 mil empreendimentos tenham as obras retomadas.<\/p>\n<p>&nbsp;<\/p>\n<p>A ordem do presidente Jair Bolsonaro \u00e9 clara: o Casa Verde-Amarela ter\u00e1 destaque, sobretudo, no Nordeste. O chefe do Executivo est\u00e1 imbu\u00eddo de dilapidar o patrim\u00f4nio pol\u00edtico de Lula na \u00fanica regi\u00e3o em que o PT venceu as elei\u00e7\u00f5es em 2018.<\/p>\n","protected":false},"excerpt":{"rendered":"<p>Para alegria das construtoras, sobretudo as de menor porte, o governo j\u00e1 finalizou a reformula\u00e7\u00e3o do Minha Casa, Minha Vida, programa habitacional criado nos governos petistas. Al\u00e9m de mudar de nome, para Casa Verde-Amarela, ter\u00e1 redu\u00e7\u00e3o das taxas de juros para a faixa 1, que atende fam\u00edlias com renda mensal de at\u00e9 R$ 1.800. &nbsp; [&hellip;]<\/p>\n","protected":false},"author":22,"featured_media":15167,"comment_status":"open","ping_status":"closed","sticky":false,"template":"","format":"standard","meta":{"wpb_read_more":[],"footnotes":""},"categories":[600],"tags":[2554,4409,4804,1376,1377,960,4803],"class_list":["post-15166","post","type-post","status-publish","format-standard","has-post-thumbnail","hentry","category-economia","tag-bolsonaro","tag-casa","tag-construtoras","tag-minha-casa","tag-minha-vida","tag-programa","tag-verde-amarela"],"_links":{"self":[{"href":"https:\/\/blogs2.correiobraziliense.com.br\/vicente\/wp-json\/wp\/v2\/posts\/15166","targetHints":{"allow":["GET"]}}],"collection":[{"href":"https:\/\/blogs2.correiobraziliense.com.br\/vicente\/wp-json\/wp\/v2\/posts"}],"about":[{"href":"https:\/\/blogs2.correiobraziliense.com.br\/vicente\/wp-json\/wp\/v2\/types\/post"}],"author":[{"embeddable":true,"href":"https:\/\/blogs2.correiobraziliense.com.br\/vicente\/wp-json\/wp\/v2\/users\/22"}],"replies":[{"embeddable":true,"href":"https:\/\/blogs2.correiobraziliense.com.br\/vicente\/wp-json\/wp\/v2\/comments?post=15166"}],"version-history":[{"count":1,"href":"https:\/\/blogs2.correiobraziliense.com.br\/vicente\/wp-json\/wp\/v2\/posts\/15166\/revisions"}],"predecessor-version":[{"id":15168,"href":"https:\/\/blogs2.correiobraziliense.com.br\/vicente\/wp-json\/wp\/v2\/posts\/15166\/revisions\/15168"}],"wp:featuredmedia":[{"embeddable":true,"href":"https:\/\/blogs2.correiobraziliense.com.br\/vicente\/wp-json\/wp\/v2\/media\/15167"}],"wp:attachment":[{"href":"https:\/\/blogs2.correiobraziliense.com.br\/vicente\/wp-json\/wp\/v2\/media?parent=15166"}],"wp:term":[{"taxonomy":"category","embeddable":true,"href":"https:\/\/blogs2.correiobraziliense.com.br\/vicente\/wp-json\/wp\/v2\/categories?post=15166"},{"taxonomy":"post_tag","embeddable":true,"href":"https:\/\/blogs2.correiobraziliense.com.br\/vicente\/wp-json\/wp\/v2\/tags?post=15166"}],"curies":[{"name":"wp","href":"https:\/\/api.w.org\/{rel}","templated":true}]}}