{"id":15216,"date":"2020-08-13T21:24:20","date_gmt":"2020-08-14T00:24:20","guid":{"rendered":"https:\/\/blogs2.correiobraziliense.com.br\/vicente\/?p=15216"},"modified":"2020-08-13T21:47:33","modified_gmt":"2020-08-14T00:47:33","slug":"diogo-mac-cord-vai-substituir-salim-mattar-e-caio-andrade-assume-vaga-de-paulo-uebel","status":"publish","type":"post","link":"https:\/\/blogs2.correiobraziliense.com.br\/vicente\/diogo-mac-cord-vai-substituir-salim-mattar-e-caio-andrade-assume-vaga-de-paulo-uebel\/","title":{"rendered":"Diogo Mac Cord vai substituir Salim Mattar e Caio Andrade assume vaga de Paulo Uebel"},"content":{"rendered":"<h2>O ministro da Economia, Paulo Guedes, correu para preencher as vagas abertas com as sa\u00eddas de Salim Mattar e Paulo Uebel do governo, no que ele classificou como debandada da equipe econ\u00f4mica.<\/h2>\n<p>&nbsp;<\/p>\n<p>Ele indicou Diogo Mac Cord para a Secretaria Especial de Desestatiza\u00e7\u00e3o, Desinvestimento e Mercados e Caio Andrade para a Secretaria Especial de Desburocratiza\u00e7\u00e3o Gest\u00e3o e Governo Digital.<\/p>\n<p>&nbsp;<\/p>\n<p>Mac Cord \u00e9 secret\u00e1rio de Desenvolvimento da Infraestrutura do Minist\u00e9rio da Economia, engenheiro mec\u00e2nico, mestre em Administra\u00e7\u00e3o P\u00fablica pela Universidade de Harvard, onde se especializou em investimentos de infraestrutura, e doutor em Engenharia pela Universidade de S\u00e3o Paulo (USP), com especializa\u00e7\u00e3o em regula\u00e7\u00e3o do setor el\u00e9trico. Foi professor e coordenador do MBA do setor el\u00e9trico da FGV Management e s\u00f3cio-l\u00edder de governo e regula\u00e7\u00e3o da infraestrutura da KPMG no Brasil.<\/p>\n<p>&nbsp;<\/p>\n<p>Caio Andrade \u00e9 atual presidente do Serpro, empreendedor em tecnologia de informa\u00e7\u00e3o, mercado imobili\u00e1rio e agroneg\u00f3cio. Tem forma\u00e7\u00e3o em Comunica\u00e7\u00e3o Social pela Universidade Paulista, p\u00f3s-gradua\u00e7\u00e3o em Administra\u00e7\u00e3o e Gest\u00e3o pela Harvard University e mestrado em Administra\u00e7\u00e3o de Empresas pela Duke University.<\/p>\n<p>&nbsp;<\/p>\n<p>A presid\u00eancia do Serpro, por sua vez, ser\u00e1 ocupada por Gileno Barreto, atual diretor Jur\u00eddico e de Governan\u00e7a e Gest\u00e3o da empresa. Ele \u00e9 formado em Direito pelo Centro Universit\u00e1rio de Bras\u00edlia (UniCEUB) e tem p\u00f3s-graduado e mestrando em Direito Tribut\u00e1rio Internacional, al\u00e9m de MBA em Administra\u00e7\u00e3o de Empresas pela Funda\u00e7\u00e3o Get\u00falio Vargas (FGV\/SP).<\/p>\n","protected":false},"excerpt":{"rendered":"<p>O ministro da Economia, Paulo Guedes, correu para preencher as vagas abertas com as sa\u00eddas de Salim Mattar e Paulo Uebel do governo, no que ele classificou como debandada da equipe econ\u00f4mica. &nbsp; Ele indicou Diogo Mac Cord para a Secretaria Especial de Desestatiza\u00e7\u00e3o, Desinvestimento e Mercados e Caio Andrade para a Secretaria Especial de [&hellip;]<\/p>\n","protected":false},"author":22,"featured_media":13463,"comment_status":"open","ping_status":"closed","sticky":false,"template":"","format":"standard","meta":{"wpb_read_more":[],"footnotes":""},"categories":[600],"tags":[4818,4758,4817,3666,3613,4388,3978],"class_list":["post-15216","post","type-post","status-publish","format-standard","has-post-thumbnail","hentry","category-economia","tag-caio-andrade","tag-debandada","tag-diogo-mac-cord","tag-ministerio-da-economia","tag-paulo-guedes","tag-paulo-uebel","tag-salim-mattar"],"_links":{"self":[{"href":"https:\/\/blogs2.correiobraziliense.com.br\/vicente\/wp-json\/wp\/v2\/posts\/15216","targetHints":{"allow":["GET"]}}],"collection":[{"href":"https:\/\/blogs2.correiobraziliense.com.br\/vicente\/wp-json\/wp\/v2\/posts"}],"about":[{"href":"https:\/\/blogs2.correiobraziliense.com.br\/vicente\/wp-json\/wp\/v2\/types\/post"}],"author":[{"embeddable":true,"href":"https:\/\/blogs2.correiobraziliense.com.br\/vicente\/wp-json\/wp\/v2\/users\/22"}],"replies":[{"embeddable":true,"href":"https:\/\/blogs2.correiobraziliense.com.br\/vicente\/wp-json\/wp\/v2\/comments?post=15216"}],"version-history":[{"count":5,"href":"https:\/\/blogs2.correiobraziliense.com.br\/vicente\/wp-json\/wp\/v2\/posts\/15216\/revisions"}],"predecessor-version":[{"id":15221,"href":"https:\/\/blogs2.correiobraziliense.com.br\/vicente\/wp-json\/wp\/v2\/posts\/15216\/revisions\/15221"}],"wp:featuredmedia":[{"embeddable":true,"href":"https:\/\/blogs2.correiobraziliense.com.br\/vicente\/wp-json\/wp\/v2\/media\/13463"}],"wp:attachment":[{"href":"https:\/\/blogs2.correiobraziliense.com.br\/vicente\/wp-json\/wp\/v2\/media?parent=15216"}],"wp:term":[{"taxonomy":"category","embeddable":true,"href":"https:\/\/blogs2.correiobraziliense.com.br\/vicente\/wp-json\/wp\/v2\/categories?post=15216"},{"taxonomy":"post_tag","embeddable":true,"href":"https:\/\/blogs2.correiobraziliense.com.br\/vicente\/wp-json\/wp\/v2\/tags?post=15216"}],"curies":[{"name":"wp","href":"https:\/\/api.w.org\/{rel}","templated":true}]}}