{"id":15265,"date":"2020-08-17T11:01:04","date_gmt":"2020-08-17T14:01:04","guid":{"rendered":"https:\/\/blogs2.correiobraziliense.com.br\/vicente\/?p=15265"},"modified":"2020-08-17T12:07:03","modified_gmt":"2020-08-17T15:07:03","slug":"raul-velloso-diz-que-os-dias-de-paulo-guedes-no-governo-estao-contados","status":"publish","type":"post","link":"https:\/\/blogs2.correiobraziliense.com.br\/vicente\/raul-velloso-diz-que-os-dias-de-paulo-guedes-no-governo-estao-contados\/","title":{"rendered":"Raul Velloso diz que os dias de Paulo Guedes no governo est\u00e3o contados"},"content":{"rendered":"<p>Em nota encaminhada ao <strong>Blog<\/strong>, o economista Raul Velloso, um dos maiores especialistas em contas p\u00fablicas do pa\u00eds, diz que os dias no governo do ministro da Economia, Paulo Guedes, est\u00e3o contados. Para ele, entre continuar no poder e preservar Guedes, o presidente Jair Bolsonaro optar\u00e1 por ficar mais quatro anos no Pal\u00e1cio do Planalto. Diz Velloso:<\/p>\n<p>&nbsp;<\/p>\n<p><em>&#8220;Do f\u00f3rum sobre a gest\u00e3o macro que presidi no \u00faltimo s\u00e1bado (15\/08), recolho tr\u00eas conclus\u00f5es b\u00e1sicas e acrescento uma extra ao final: 1) a defesa do teto \u00e9 desonesta ao se dizer que \u00e9 pela l\u00f3gica econ\u00f4mica, quando, na verdade, \u00e9 um movimento pol\u00edtico travestido de t\u00e9cnico para derrubar o governo (Andr\u00e9 Lara Resende). <\/em><\/p>\n<p><em>2) Para o pa\u00eds, o \u201cx\u201d da quest\u00e3o n\u00e3o \u00e9 cumprir o teto, como o establishment financeiro prega, mas troc\u00e1-lo pelo equacionamento da previd\u00eancia p\u00fablica, \u00fanica forma de abrir espa\u00e7o de forma sustent\u00e1vel para os investimentos em infraestrutura, sejam eles p\u00fablicos ou privados, que ser\u00e3o viabilizados como consequ\u00eancia natural do processo de equacionamento (Raul Velloso).<\/em><\/p>\n<p><em> 3) A defesa do teto pode ser eficaz para derrubar o governo, mas est\u00e1 completamente na contram\u00e3o do que se faz no resto do mundo, onde a prioridade \u00e9 tirar as pessoas do buraco (Jos\u00e9 Luiz Oreiro).<\/em><\/p>\n<p><em>4) Para concluir, \u00e9 curioso como Bolsonaro parece n\u00e3o perceber que h\u00e1 uma dessintonia entre o que tem pregado a equipe econ\u00f4mica do seu governo, que, em mar\u00e7o, disse ao Congresso que, no m\u00e1ximo, gastaria R$ 5 bilh\u00f5es para \u201caniquilar\u201d a pandemia e, at\u00e9 agora, foi for\u00e7ada por ele a gastar R$ 700 bilh\u00f5es, nas palavras do pr\u00f3prio Bolsonaro, \u00fanica coisa que fez disparar a sua popularidade, e a defesa que faz, agora, com unhas e dentes, do teto dos gastos, cujo objetivo n\u00e3o declarado \u00e9 derrub\u00e1-lo pelo desgaste pol\u00edtico que causar\u00e1. Ou seja, a equipe principal do seu governo, que, aos pouco,s veio se esfacelando (j\u00e1 sa\u00edram oito), parece ser o principal aliado do mercado financeiro na empreitada para derrub\u00e1-lo. Nesse sentido, n\u00e3o h\u00e1 outra hip\u00f3tese que n\u00e3o seja a substitui\u00e7\u00e3o do ministro da Economia caso Bolsonaro queira continuar no poder.&#8221;<\/em><\/p>\n<p>&nbsp;<\/p>\n<p>Bras\u00edlia, 11h01min<\/p>\n","protected":false},"excerpt":{"rendered":"<p>Em nota encaminhada ao Blog, o economista Raul Velloso, um dos maiores especialistas em contas p\u00fablicas do pa\u00eds, diz que os dias no governo do ministro da Economia, Paulo Guedes, est\u00e3o contados. Para ele, entre continuar no poder e preservar Guedes, o presidente Jair Bolsonaro optar\u00e1 por ficar mais quatro anos no Pal\u00e1cio do Planalto. [&hellip;]<\/p>\n","protected":false},"author":22,"featured_media":9818,"comment_status":"open","ping_status":"closed","sticky":false,"template":"","format":"standard","meta":{"wpb_read_more":[],"footnotes":""},"categories":[600],"tags":[22,4827,2922,3613,4826,307],"class_list":["post-15265","post","type-post","status-publish","format-standard","has-post-thumbnail","hentry","category-economia","tag-demissao","tag-dias-contados","tag-jair-bolsonaro","tag-paulo-guedes","tag-raul-vellosso","tag-teto-de-gastos"],"_links":{"self":[{"href":"https:\/\/blogs2.correiobraziliense.com.br\/vicente\/wp-json\/wp\/v2\/posts\/15265","targetHints":{"allow":["GET"]}}],"collection":[{"href":"https:\/\/blogs2.correiobraziliense.com.br\/vicente\/wp-json\/wp\/v2\/posts"}],"about":[{"href":"https:\/\/blogs2.correiobraziliense.com.br\/vicente\/wp-json\/wp\/v2\/types\/post"}],"author":[{"embeddable":true,"href":"https:\/\/blogs2.correiobraziliense.com.br\/vicente\/wp-json\/wp\/v2\/users\/22"}],"replies":[{"embeddable":true,"href":"https:\/\/blogs2.correiobraziliense.com.br\/vicente\/wp-json\/wp\/v2\/comments?post=15265"}],"version-history":[{"count":1,"href":"https:\/\/blogs2.correiobraziliense.com.br\/vicente\/wp-json\/wp\/v2\/posts\/15265\/revisions"}],"predecessor-version":[{"id":15266,"href":"https:\/\/blogs2.correiobraziliense.com.br\/vicente\/wp-json\/wp\/v2\/posts\/15265\/revisions\/15266"}],"wp:featuredmedia":[{"embeddable":true,"href":"https:\/\/blogs2.correiobraziliense.com.br\/vicente\/wp-json\/wp\/v2\/media\/9818"}],"wp:attachment":[{"href":"https:\/\/blogs2.correiobraziliense.com.br\/vicente\/wp-json\/wp\/v2\/media?parent=15265"}],"wp:term":[{"taxonomy":"category","embeddable":true,"href":"https:\/\/blogs2.correiobraziliense.com.br\/vicente\/wp-json\/wp\/v2\/categories?post=15265"},{"taxonomy":"post_tag","embeddable":true,"href":"https:\/\/blogs2.correiobraziliense.com.br\/vicente\/wp-json\/wp\/v2\/tags?post=15265"}],"curies":[{"name":"wp","href":"https:\/\/api.w.org\/{rel}","templated":true}]}}