{"id":15286,"date":"2020-08-17T21:39:57","date_gmt":"2020-08-18T00:39:57","guid":{"rendered":"https:\/\/blogs2.correiobraziliense.com.br\/vicente\/?p=15286"},"modified":"2020-08-17T21:58:23","modified_gmt":"2020-08-18T00:58:23","slug":"mesmo-com-um-terco-da-populacao-de-portugal-df-tem-15-a-mais-de-mortes-pela-covid-que-pais-europeu","status":"publish","type":"post","link":"https:\/\/blogs2.correiobraziliense.com.br\/vicente\/mesmo-com-um-terco-da-populacao-de-portugal-df-tem-15-a-mais-de-mortes-pela-covid-que-pais-europeu\/","title":{"rendered":"Mesmo com um ter\u00e7o da popula\u00e7\u00e3o de Portugal, DF tem 15% a mais de mortes pela covid que pa\u00eds europeu"},"content":{"rendered":"<h2>\u00c9 impressionante como a covid-19 est\u00e1 fazendo estragos no Distrito Federal. Mesmo tendo um ter\u00e7o da popula\u00e7\u00e3o de Portugal (10 milh\u00f5es de pessoas), o DF tem 15% a mais de mortes pela covid-19 do que o pa\u00eds europeu.<\/h2>\n<p>&nbsp;<\/p>\n<p>Dados oficiais da Secret\u00e1ria de Sa\u00fade do DF apontam que 2.042 pessoas morreram na capital do Brasil depois de serem infectadas pelo novo coronav\u00edrus. Em Portugal, o total de mortes est\u00e1 em 1.779. \u00c9 uma compara\u00e7\u00e3o impressionante.<\/p>\n<p>&nbsp;<\/p>\n<p>O que chama a aten\u00e7\u00e3o \u00e9 o fato de o Distrito Federal ter sido a primeira unidade da Federa\u00e7\u00e3o a decretar medidas restritivas \u00e0 popula\u00e7\u00e3o e fechamento das atividades econ\u00f4micas. Mas a retomada r\u00e1pida vida normal e a falta de compreens\u00e3o da gravidade da doen\u00e7a pela maior parte da popula\u00e7\u00e3o jogaram tudo por terra.<\/p>\n<p>&nbsp;<\/p>\n<p>Enfim, as discrep\u00e2ncias em rela\u00e7\u00e3o a Portugal s\u00e3o grandes quaisquer sejam as compara\u00e7\u00f5es. O pa\u00eds europeu tem, no total, 54.502 casos de infectados pelo novo coronav\u00edrus. \u00c9 praticamente a mesma quantia que o Brasil registra por dia.<\/p>\n<p>&nbsp;<\/p>\n<p>Portugal, ressalte-se, \u00e9 apontado como um dos pa\u00edses que melhor soube lidar com a pandemia do novo coronav\u00edrus. Foi r\u00edgido quando teve que ser e s\u00f3 retomou as atividades econ\u00f4micas quando viu seguran\u00e7a para isso. A preserva\u00e7\u00e3o de vidas prevaleceu em todos os momentos.<\/p>\n<p>&nbsp;<\/p>\n<p><em>Bras\u00edlia, 21h39min<\/em><\/p>\n","protected":false},"excerpt":{"rendered":"<p>\u00c9 impressionante como a covid-19 est\u00e1 fazendo estragos no Distrito Federal. Mesmo tendo um ter\u00e7o da popula\u00e7\u00e3o de Portugal (10 milh\u00f5es de pessoas), o DF tem 15% a mais de mortes pela covid-19 do que o pa\u00eds europeu. &nbsp; Dados oficiais da Secret\u00e1ria de Sa\u00fade do DF apontam que 2.042 pessoas morreram na capital do [&hellip;]<\/p>\n","protected":false},"author":22,"featured_media":13413,"comment_status":"open","ping_status":"closed","sticky":false,"template":"","format":"standard","meta":{"wpb_read_more":[],"footnotes":""},"categories":[600],"tags":[4505,755,4577,4661,4835,579],"class_list":["post-15286","post","type-post","status-publish","format-standard","has-post-thumbnail","hentry","category-economia","tag-covid-19","tag-distrito-federal","tag-mortes","tag-novo-coronavirus","tag-portugal","tag-saude"],"_links":{"self":[{"href":"https:\/\/blogs2.correiobraziliense.com.br\/vicente\/wp-json\/wp\/v2\/posts\/15286","targetHints":{"allow":["GET"]}}],"collection":[{"href":"https:\/\/blogs2.correiobraziliense.com.br\/vicente\/wp-json\/wp\/v2\/posts"}],"about":[{"href":"https:\/\/blogs2.correiobraziliense.com.br\/vicente\/wp-json\/wp\/v2\/types\/post"}],"author":[{"embeddable":true,"href":"https:\/\/blogs2.correiobraziliense.com.br\/vicente\/wp-json\/wp\/v2\/users\/22"}],"replies":[{"embeddable":true,"href":"https:\/\/blogs2.correiobraziliense.com.br\/vicente\/wp-json\/wp\/v2\/comments?post=15286"}],"version-history":[{"count":2,"href":"https:\/\/blogs2.correiobraziliense.com.br\/vicente\/wp-json\/wp\/v2\/posts\/15286\/revisions"}],"predecessor-version":[{"id":15288,"href":"https:\/\/blogs2.correiobraziliense.com.br\/vicente\/wp-json\/wp\/v2\/posts\/15286\/revisions\/15288"}],"wp:featuredmedia":[{"embeddable":true,"href":"https:\/\/blogs2.correiobraziliense.com.br\/vicente\/wp-json\/wp\/v2\/media\/13413"}],"wp:attachment":[{"href":"https:\/\/blogs2.correiobraziliense.com.br\/vicente\/wp-json\/wp\/v2\/media?parent=15286"}],"wp:term":[{"taxonomy":"category","embeddable":true,"href":"https:\/\/blogs2.correiobraziliense.com.br\/vicente\/wp-json\/wp\/v2\/categories?post=15286"},{"taxonomy":"post_tag","embeddable":true,"href":"https:\/\/blogs2.correiobraziliense.com.br\/vicente\/wp-json\/wp\/v2\/tags?post=15286"}],"curies":[{"name":"wp","href":"https:\/\/api.w.org\/{rel}","templated":true}]}}