{"id":1529,"date":"2016-06-20T18:25:57","date_gmt":"2016-06-20T21:25:57","guid":{"rendered":"https:\/\/blogs2.correiobraziliense.com.br\/vicente\/?p=1529"},"modified":"2016-06-20T23:46:36","modified_gmt":"2016-06-21T02:46:36","slug":"com-dividas-de-r-654-bilhoes-oi-pede-maior-recuperacao-judicial-da-historia","status":"publish","type":"post","link":"https:\/\/blogs2.correiobraziliense.com.br\/vicente\/com-dividas-de-r-654-bilhoes-oi-pede-maior-recuperacao-judicial-da-historia\/","title":{"rendered":"Com d\u00edvidas de R$ 65,4 bilh\u00f5es, Oi pede a maior recupera\u00e7\u00e3o judicial da hist\u00f3ria"},"content":{"rendered":"<p>POR SIMONE KAFRUNI<\/p>\n<p>A empresa de telefonia Oi entrou nesta segunda-feira (20\/06) com o maior pedido de recupera\u00e7\u00e3o judicial j\u00e1 protocolado no pa\u00eds. Em fato relevante, a Oi informa que o total que tem a pagar a terceiros soma R$ 65,4 bilh\u00f5es. Esse foi o valor registrado na lista de credores protocolada pela companhia na Justi\u00e7a do Rio de Janeiro.<\/p>\n<p>&nbsp;<\/p>\n<p>O pedido de recupera\u00e7\u00e3o judicial \u00e9 seis vezes maior do que o recorde anterior, da OGX, do empres\u00e1rio Eike Batista, que declarou ter d\u00edvidas de R$ 11,2 bilh\u00f5es em 2013.<\/p>\n<p>&nbsp;<\/p>\n<p>Com a medida, a Oi se protege de cobran\u00e7as de credores, enquanto tenta renegociar sua d\u00edvida bilion\u00e1ria com supervis\u00e3o judicial.\u00a0Na sexta-feira passada, a companhia comunicou o fracasso de uma renegocia\u00e7\u00e3o direta com detentores de t\u00edtulos de sua d\u00edvida.<\/p>\n<p>&nbsp;<\/p>\n<p>A d\u00edvida financeira da companhia est\u00e1 pr\u00f3xima de R$ 50 bilh\u00f5es, sendo R$ 34 bilh\u00f5es devidos a credores estrangeiros e cerca de R$ 16 bilh\u00f5es a institui\u00e7\u00f5es financeiras.<\/p>\n<p>&nbsp;<\/p>\n<p>Com isso, em as a\u00e7\u00f5es preferenciais da companhia ca\u00edram 10% ontem, cotadas em R$ 0,99. Em sete dias, os ativos despencaram 45%. E, no ano, as perdas s\u00e3o de 49,23%.<\/p>\n<p>&nbsp;<\/p>\n<p><em>Bras\u00edlia, 18h25min<\/em><\/p>\n","protected":false},"excerpt":{"rendered":"<p>POR SIMONE KAFRUNI A empresa de telefonia Oi entrou nesta segunda-feira (20\/06) com o maior pedido de recupera\u00e7\u00e3o judicial j\u00e1 protocolado no pa\u00eds. Em fato relevante, a Oi informa que o total que tem a pagar a terceiros soma R$ 65,4 bilh\u00f5es. Esse foi o valor registrado na lista de credores protocolada pela companhia na [&hellip;]<\/p>\n","protected":false},"author":22,"featured_media":0,"comment_status":"open","ping_status":"closed","sticky":false,"template":"","format":"standard","meta":{"wpb_read_more":[],"footnotes":""},"categories":[1],"tags":[303,325,68,145,319],"class_list":["post-1529","post","type-post","status-publish","format-standard","hentry","category-sem-categoria","tag-divida","tag-fato-relevante","tag-fracasso","tag-oi","tag-recuperacao-judicial"],"_links":{"self":[{"href":"https:\/\/blogs2.correiobraziliense.com.br\/vicente\/wp-json\/wp\/v2\/posts\/1529","targetHints":{"allow":["GET"]}}],"collection":[{"href":"https:\/\/blogs2.correiobraziliense.com.br\/vicente\/wp-json\/wp\/v2\/posts"}],"about":[{"href":"https:\/\/blogs2.correiobraziliense.com.br\/vicente\/wp-json\/wp\/v2\/types\/post"}],"author":[{"embeddable":true,"href":"https:\/\/blogs2.correiobraziliense.com.br\/vicente\/wp-json\/wp\/v2\/users\/22"}],"replies":[{"embeddable":true,"href":"https:\/\/blogs2.correiobraziliense.com.br\/vicente\/wp-json\/wp\/v2\/comments?post=1529"}],"version-history":[{"count":6,"href":"https:\/\/blogs2.correiobraziliense.com.br\/vicente\/wp-json\/wp\/v2\/posts\/1529\/revisions"}],"predecessor-version":[{"id":1539,"href":"https:\/\/blogs2.correiobraziliense.com.br\/vicente\/wp-json\/wp\/v2\/posts\/1529\/revisions\/1539"}],"wp:attachment":[{"href":"https:\/\/blogs2.correiobraziliense.com.br\/vicente\/wp-json\/wp\/v2\/media?parent=1529"}],"wp:term":[{"taxonomy":"category","embeddable":true,"href":"https:\/\/blogs2.correiobraziliense.com.br\/vicente\/wp-json\/wp\/v2\/categories?post=1529"},{"taxonomy":"post_tag","embeddable":true,"href":"https:\/\/blogs2.correiobraziliense.com.br\/vicente\/wp-json\/wp\/v2\/tags?post=1529"}],"curies":[{"name":"wp","href":"https:\/\/api.w.org\/{rel}","templated":true}]}}