{"id":15325,"date":"2020-08-19T16:01:27","date_gmt":"2020-08-19T19:01:27","guid":{"rendered":"https:\/\/blogs2.correiobraziliense.com.br\/vicente\/?p=15325"},"modified":"2020-08-19T16:41:46","modified_gmt":"2020-08-19T19:41:46","slug":"paulo-guedes-e-rogerio-marinho-acertam-fase-paz-e-amor-com-foto-e-tudo","status":"publish","type":"post","link":"https:\/\/blogs2.correiobraziliense.com.br\/vicente\/paulo-guedes-e-rogerio-marinho-acertam-fase-paz-e-amor-com-foto-e-tudo\/","title":{"rendered":"Paulo Guedes e Rog\u00e9rio Marinho acertam fase paz e amor, com foto e tudo"},"content":{"rendered":"<h2>Se nada mudar no decorrer do dia, Paulo Guedes (ministro da Economia) e Rog\u00e9rio Marinho (ministro do Desenvolvimento Regional) v\u00e3o se encontrar hoje \u00e0 noite para selar a paz. A ideia \u00e9 posarem para os fot\u00f3grafos a fim de marcar a fase de amor.<\/h2>\n<p>&nbsp;<\/p>\n<p>Os dois v\u00eam travando uma guerra nos bastidores do governo por causa de dinheiro para obras. Marinho alega que o governo precisa transformar o pa\u00eds num canteiro e obras. Guedes diz que Marinho quer furar o teto de gastos.<\/p>\n<p>&nbsp;<\/p>\n<p>A disputa entre os ministros chegou a tal ponto que, nos \u00faltimos dias, foram fort\u00edssimos os rumores de que Guedes sairia do governo, o que obrigou o presidente Jair Bolsonaro a defend\u00ea-lo publicamente para acalmar os \u00e2nimos dos investidores.<\/p>\n<p>&nbsp;<\/p>\n<p>Guedes, no entanto, teve que se adequar ao novo modelito do governo, que quer muito tocar obras para sustentar a popularidade\u00a0 do presidente e dar um f\u00f4lego extra \u00e0 economia, abalada pela pandemia do novo coronav\u00edrus.<\/p>\n<p>&nbsp;<\/p>\n<p>Guedes e Marinho j\u00e1 acertaram os ponteiros no almo\u00e7o do qual participaram nesta quarta-feira (19\/08) com o Bolsonaro, ministros e lideran\u00e7as pol\u00edticas. Houve uma alfinetada entre ambos, mas tudo acabou em abra\u00e7o.<\/p>\n<p>&nbsp;<\/p>\n<p><em>Bras\u00edlia, 16h01min<\/em><\/p>\n","protected":false},"excerpt":{"rendered":"<p>Se nada mudar no decorrer do dia, Paulo Guedes (ministro da Economia) e Rog\u00e9rio Marinho (ministro do Desenvolvimento Regional) v\u00e3o se encontrar hoje \u00e0 noite para selar a paz. A ideia \u00e9 posarem para os fot\u00f3grafos a fim de marcar a fase de amor. &nbsp; Os dois v\u00eam travando uma guerra nos bastidores do governo [&hellip;]<\/p>\n","protected":false},"author":22,"featured_media":11528,"comment_status":"open","ping_status":"closed","sticky":false,"template":"","format":"standard","meta":{"wpb_read_more":[],"footnotes":""},"categories":[600],"tags":[2554,3616,676,3693,307],"class_list":["post-15325","post","type-post","status-publish","format-standard","has-post-thumbnail","hentry","category-economia","tag-bolsonaro","tag-guedes","tag-guerra","tag-marinho","tag-teto-de-gastos"],"_links":{"self":[{"href":"https:\/\/blogs2.correiobraziliense.com.br\/vicente\/wp-json\/wp\/v2\/posts\/15325","targetHints":{"allow":["GET"]}}],"collection":[{"href":"https:\/\/blogs2.correiobraziliense.com.br\/vicente\/wp-json\/wp\/v2\/posts"}],"about":[{"href":"https:\/\/blogs2.correiobraziliense.com.br\/vicente\/wp-json\/wp\/v2\/types\/post"}],"author":[{"embeddable":true,"href":"https:\/\/blogs2.correiobraziliense.com.br\/vicente\/wp-json\/wp\/v2\/users\/22"}],"replies":[{"embeddable":true,"href":"https:\/\/blogs2.correiobraziliense.com.br\/vicente\/wp-json\/wp\/v2\/comments?post=15325"}],"version-history":[{"count":7,"href":"https:\/\/blogs2.correiobraziliense.com.br\/vicente\/wp-json\/wp\/v2\/posts\/15325\/revisions"}],"predecessor-version":[{"id":15333,"href":"https:\/\/blogs2.correiobraziliense.com.br\/vicente\/wp-json\/wp\/v2\/posts\/15325\/revisions\/15333"}],"wp:featuredmedia":[{"embeddable":true,"href":"https:\/\/blogs2.correiobraziliense.com.br\/vicente\/wp-json\/wp\/v2\/media\/11528"}],"wp:attachment":[{"href":"https:\/\/blogs2.correiobraziliense.com.br\/vicente\/wp-json\/wp\/v2\/media?parent=15325"}],"wp:term":[{"taxonomy":"category","embeddable":true,"href":"https:\/\/blogs2.correiobraziliense.com.br\/vicente\/wp-json\/wp\/v2\/categories?post=15325"},{"taxonomy":"post_tag","embeddable":true,"href":"https:\/\/blogs2.correiobraziliense.com.br\/vicente\/wp-json\/wp\/v2\/tags?post=15325"}],"curies":[{"name":"wp","href":"https:\/\/api.w.org\/{rel}","templated":true}]}}