{"id":15348,"date":"2020-08-20T10:46:58","date_gmt":"2020-08-20T13:46:58","guid":{"rendered":"https:\/\/blogs2.correiobraziliense.com.br\/vicente\/?p=15348"},"modified":"2020-08-20T11:54:08","modified_gmt":"2020-08-20T14:54:08","slug":"pessoas-com-mais-de-60-anos-sao-expulsas-de-planos-de-saude","status":"publish","type":"post","link":"https:\/\/blogs2.correiobraziliense.com.br\/vicente\/pessoas-com-mais-de-60-anos-sao-expulsas-de-planos-de-saude\/","title":{"rendered":"Pessoas com mais de 60 anos s\u00e3o expulsas de planos de sa\u00fade"},"content":{"rendered":"<h2>Idosos est\u00e3o sendo expulsos de v\u00e1rios planos de sa\u00fade, especialmente os de menor porte, sob a alega\u00e7\u00e3o de que n\u00e3o interessa mais \u00e0s empresas mant\u00ea-los entre seus clientes.<\/h2>\n<p>&nbsp;<\/p>\n<p>A comunica\u00e7\u00e3o do desligamento unilateral acontece por meio de uma mensagem via e-mail, sem chance de contesta\u00e7\u00e3o por parte dos consumidores. Essas pessoas com mais de 60 anos entraram em planos de sa\u00fade coletivos, por meio de corretores.<\/p>\n<p>&nbsp;<\/p>\n<p>O sistema \u00e9 t\u00e3o maluco, que uma pessoa do Rio de Janeiro come\u00e7ou como cliente da Unimed de Angra dos Reis, depois passou para a Unimed da Cidade do A\u00e7o, migrou para a Unimed Norte\/Nordeste e, antes de ser expulsa, estava na Unimed Vertente do Capara\u00f3, com sede na cidade mineira de Manhua\u00e7u.<\/p>\n<p>&nbsp;<\/p>\n<p>Os idosos rejeitados pagavam caro pelos conv\u00eanios m\u00e9dicos, entre R$ 1,5 mil e R$ 2 mil por m\u00eas.<\/p>\n<p>&nbsp;<\/p>\n<p>No desespero, foram orientados pelas empresas que os expulsaram a procurarem, por conta pr\u00f3pria, outros planos, mas nenhum quer saber de pessoas com mais de 60 anos.<\/p>\n<p>&nbsp;<\/p>\n<p>Ao recorrerem \u00e0 Ag\u00eancia Nacional de Sa\u00fade Suplementar (ANS), esperam, no m\u00ednimo, 10 dias \u00fateis por uma resposta, sempre a favor das administradoras.<\/p>\n<p>&nbsp;<\/p>\n<p><em>Bras\u00edlia, 10h46min<\/em><\/p>\n","protected":false},"excerpt":{"rendered":"<p>Idosos est\u00e3o sendo expulsos de v\u00e1rios planos de sa\u00fade, especialmente os de menor porte, sob a alega\u00e7\u00e3o de que n\u00e3o interessa mais \u00e0s empresas mant\u00ea-los entre seus clientes. &nbsp; A comunica\u00e7\u00e3o do desligamento unilateral acontece por meio de uma mensagem via e-mail, sem chance de contesta\u00e7\u00e3o por parte dos consumidores. Essas pessoas com mais de [&hellip;]<\/p>\n","protected":false},"author":22,"featured_media":11414,"comment_status":"open","ping_status":"closed","sticky":false,"template":"","format":"standard","meta":{"wpb_read_more":[],"footnotes":""},"categories":[600],"tags":[711,4852,217,215,4853],"class_list":["post-15348","post","type-post","status-publish","format-standard","has-post-thumbnail","hentry","category-economia","tag-ans","tag-expulsos","tag-idosos","tag-planos-de-saude","tag-unimed"],"_links":{"self":[{"href":"https:\/\/blogs2.correiobraziliense.com.br\/vicente\/wp-json\/wp\/v2\/posts\/15348","targetHints":{"allow":["GET"]}}],"collection":[{"href":"https:\/\/blogs2.correiobraziliense.com.br\/vicente\/wp-json\/wp\/v2\/posts"}],"about":[{"href":"https:\/\/blogs2.correiobraziliense.com.br\/vicente\/wp-json\/wp\/v2\/types\/post"}],"author":[{"embeddable":true,"href":"https:\/\/blogs2.correiobraziliense.com.br\/vicente\/wp-json\/wp\/v2\/users\/22"}],"replies":[{"embeddable":true,"href":"https:\/\/blogs2.correiobraziliense.com.br\/vicente\/wp-json\/wp\/v2\/comments?post=15348"}],"version-history":[{"count":1,"href":"https:\/\/blogs2.correiobraziliense.com.br\/vicente\/wp-json\/wp\/v2\/posts\/15348\/revisions"}],"predecessor-version":[{"id":15349,"href":"https:\/\/blogs2.correiobraziliense.com.br\/vicente\/wp-json\/wp\/v2\/posts\/15348\/revisions\/15349"}],"wp:featuredmedia":[{"embeddable":true,"href":"https:\/\/blogs2.correiobraziliense.com.br\/vicente\/wp-json\/wp\/v2\/media\/11414"}],"wp:attachment":[{"href":"https:\/\/blogs2.correiobraziliense.com.br\/vicente\/wp-json\/wp\/v2\/media?parent=15348"}],"wp:term":[{"taxonomy":"category","embeddable":true,"href":"https:\/\/blogs2.correiobraziliense.com.br\/vicente\/wp-json\/wp\/v2\/categories?post=15348"},{"taxonomy":"post_tag","embeddable":true,"href":"https:\/\/blogs2.correiobraziliense.com.br\/vicente\/wp-json\/wp\/v2\/tags?post=15348"}],"curies":[{"name":"wp","href":"https:\/\/api.w.org\/{rel}","templated":true}]}}