{"id":15372,"date":"2020-08-23T18:01:13","date_gmt":"2020-08-23T21:01:13","guid":{"rendered":"https:\/\/blogs2.correiobraziliense.com.br\/vicente\/?p=15372"},"modified":"2020-08-23T18:39:56","modified_gmt":"2020-08-23T21:39:56","slug":"distrito-federal-segura-crescimento-do-centro-oeste","status":"publish","type":"post","link":"https:\/\/blogs2.correiobraziliense.com.br\/vicente\/distrito-federal-segura-crescimento-do-centro-oeste\/","title":{"rendered":"Distrito Federal segura crescimento do Centro-Oeste"},"content":{"rendered":"<h2>O Distrito Federal ser\u00e1 o grande entrave para que a regi\u00e3o Centro-Oeste volte, em 2021, a registrar os mesmos n\u00edveis de produ\u00e7\u00e3o de 2019, ou seja, de antes da pandemia do novo coronav\u00edrus. A raz\u00e3o: a extrema depend\u00eancia do pa\u00eds do setor p\u00fablico, segundo a Tend\u00eancias Consultoria.<\/h2>\n<p>&nbsp;<\/p>\n<p>Enquanto Mato Grosso, Goi\u00e1s e Mato Grosso do Sul j\u00e1 ter\u00e3o voltado, no ano que vem, aos n\u00edveis anteriores \u00e0 pandemia, puxados pelo agroneg\u00f3cio, o DF ainda estar\u00e1 com a economia 7,1% abaixo do que se via antes da crise sanit\u00e1ria. No c\u00e1lculo geral, a regi\u00e3o Centro-Oeste estar\u00e1 operando com queda de 2,1% frente a 2019.<\/p>\n<p>&nbsp;<\/p>\n<p><em>Bras\u00edlia, 18h01min<\/em><\/p>\n","protected":false},"excerpt":{"rendered":"<p>O Distrito Federal ser\u00e1 o grande entrave para que a regi\u00e3o Centro-Oeste volte, em 2021, a registrar os mesmos n\u00edveis de produ\u00e7\u00e3o de 2019, ou seja, de antes da pandemia do novo coronav\u00edrus. A raz\u00e3o: a extrema depend\u00eancia do pa\u00eds do setor p\u00fablico, segundo a Tend\u00eancias Consultoria. &nbsp; Enquanto Mato Grosso, Goi\u00e1s e Mato Grosso [&hellip;]<\/p>\n","protected":false},"author":22,"featured_media":10448,"comment_status":"open","ping_status":"closed","sticky":false,"template":"","format":"standard","meta":{"wpb_read_more":[],"footnotes":""},"categories":[600],"tags":[577,4419,113,179,755,589],"class_list":["post-15372","post","type-post","status-publish","format-standard","has-post-thumbnail","hentry","category-economia","tag-centro-oeste","tag-coronavirus","tag-crescimento","tag-crise","tag-distrito-federal","tag-economia"],"_links":{"self":[{"href":"https:\/\/blogs2.correiobraziliense.com.br\/vicente\/wp-json\/wp\/v2\/posts\/15372","targetHints":{"allow":["GET"]}}],"collection":[{"href":"https:\/\/blogs2.correiobraziliense.com.br\/vicente\/wp-json\/wp\/v2\/posts"}],"about":[{"href":"https:\/\/blogs2.correiobraziliense.com.br\/vicente\/wp-json\/wp\/v2\/types\/post"}],"author":[{"embeddable":true,"href":"https:\/\/blogs2.correiobraziliense.com.br\/vicente\/wp-json\/wp\/v2\/users\/22"}],"replies":[{"embeddable":true,"href":"https:\/\/blogs2.correiobraziliense.com.br\/vicente\/wp-json\/wp\/v2\/comments?post=15372"}],"version-history":[{"count":1,"href":"https:\/\/blogs2.correiobraziliense.com.br\/vicente\/wp-json\/wp\/v2\/posts\/15372\/revisions"}],"predecessor-version":[{"id":15373,"href":"https:\/\/blogs2.correiobraziliense.com.br\/vicente\/wp-json\/wp\/v2\/posts\/15372\/revisions\/15373"}],"wp:featuredmedia":[{"embeddable":true,"href":"https:\/\/blogs2.correiobraziliense.com.br\/vicente\/wp-json\/wp\/v2\/media\/10448"}],"wp:attachment":[{"href":"https:\/\/blogs2.correiobraziliense.com.br\/vicente\/wp-json\/wp\/v2\/media?parent=15372"}],"wp:term":[{"taxonomy":"category","embeddable":true,"href":"https:\/\/blogs2.correiobraziliense.com.br\/vicente\/wp-json\/wp\/v2\/categories?post=15372"},{"taxonomy":"post_tag","embeddable":true,"href":"https:\/\/blogs2.correiobraziliense.com.br\/vicente\/wp-json\/wp\/v2\/tags?post=15372"}],"curies":[{"name":"wp","href":"https:\/\/api.w.org\/{rel}","templated":true}]}}