{"id":1543,"date":"2016-06-21T12:01:56","date_gmt":"2016-06-21T15:01:56","guid":{"rendered":"https:\/\/blogs2.correiobraziliense.com.br\/vicente\/?p=1543"},"modified":"2016-06-21T12:22:24","modified_gmt":"2016-06-21T15:22:24","slug":"governo-ve-com-ceticismo-recuperacao-da-oi-acoes-caem-30","status":"publish","type":"post","link":"https:\/\/blogs2.correiobraziliense.com.br\/vicente\/governo-ve-com-ceticismo-recuperacao-da-oi-acoes-caem-30\/","title":{"rendered":"Governo v\u00ea com ceticismo recupera\u00e7\u00e3o da Oi. A\u00e7\u00f5es caem 30%"},"content":{"rendered":"<p>H\u00e1 um sentimento de descr\u00e9dito no governo quanto \u00e0 capacidade da operadora de telefonia Oi sair da recupera\u00e7\u00e3o judicial, decretada por causa de uma d\u00edvida de R$ 65 bilh\u00f5es.<\/p>\n<p>&nbsp;<\/p>\n<p>Para t\u00e9cnicos da equipe econ\u00f4mica, a crise vivida hoje pelo pa\u00eds e a p\u00e9ssima situa\u00e7\u00e3o de caixa da Oi podem empurrar de vez a empresa para o buraco. A grande preocupa\u00e7\u00e3o do Pal\u00e1cio do Planalto \u00e9 com a d\u00edvida de cerca de R$ 12 bilh\u00f5es da companhia com tr\u00eas bancos p\u00fablicos: Caixa Econ\u00f4mica Federal, Banco do Brasil e Banco Nacional de Desenvolvimento Econ\u00f4mico e Social (BNDES).<\/p>\n<p>&nbsp;<\/p>\n<p>As a\u00e7\u00f5es da Oi abriram o dia em baixa de mais de 30%. Logo no in\u00edcio do preg\u00e3o, os pap\u00e9is preferenciais ca\u00edram 30,3% e os ordin\u00e1rios, 15,08%. Com isso, foram retirados do preg\u00e3o e colocados em leil\u00e3o. De volta \u00e0s negocia\u00e7\u00f5es, desabaram, respectivamente, 25,25% e 16,67%. As a\u00e7\u00f5es da Oi est\u00e3o sendo cotadas em centavos e sa\u00edram de todos os \u00edndices da BM&amp;FBovespa.<\/p>\n<p>&nbsp;<\/p>\n<p>Bras\u00edlia, 12h01min<\/p>\n","protected":false},"excerpt":{"rendered":"<p>H\u00e1 um sentimento de descr\u00e9dito no governo quanto \u00e0 capacidade da operadora de telefonia Oi sair da recupera\u00e7\u00e3o judicial, decretada por causa de uma d\u00edvida de R$ 65 bilh\u00f5es. &nbsp; Para t\u00e9cnicos da equipe econ\u00f4mica, a crise vivida hoje pelo pa\u00eds e a p\u00e9ssima situa\u00e7\u00e3o de caixa da Oi podem empurrar de vez a empresa [&hellip;]<\/p>\n","protected":false},"author":22,"featured_media":0,"comment_status":"open","ping_status":"closed","sticky":false,"template":"","format":"standard","meta":{"wpb_read_more":[],"footnotes":""},"categories":[1],"tags":[],"class_list":["post-1543","post","type-post","status-publish","format-standard","hentry","category-sem-categoria"],"_links":{"self":[{"href":"https:\/\/blogs2.correiobraziliense.com.br\/vicente\/wp-json\/wp\/v2\/posts\/1543","targetHints":{"allow":["GET"]}}],"collection":[{"href":"https:\/\/blogs2.correiobraziliense.com.br\/vicente\/wp-json\/wp\/v2\/posts"}],"about":[{"href":"https:\/\/blogs2.correiobraziliense.com.br\/vicente\/wp-json\/wp\/v2\/types\/post"}],"author":[{"embeddable":true,"href":"https:\/\/blogs2.correiobraziliense.com.br\/vicente\/wp-json\/wp\/v2\/users\/22"}],"replies":[{"embeddable":true,"href":"https:\/\/blogs2.correiobraziliense.com.br\/vicente\/wp-json\/wp\/v2\/comments?post=1543"}],"version-history":[{"count":1,"href":"https:\/\/blogs2.correiobraziliense.com.br\/vicente\/wp-json\/wp\/v2\/posts\/1543\/revisions"}],"predecessor-version":[{"id":1544,"href":"https:\/\/blogs2.correiobraziliense.com.br\/vicente\/wp-json\/wp\/v2\/posts\/1543\/revisions\/1544"}],"wp:attachment":[{"href":"https:\/\/blogs2.correiobraziliense.com.br\/vicente\/wp-json\/wp\/v2\/media?parent=1543"}],"wp:term":[{"taxonomy":"category","embeddable":true,"href":"https:\/\/blogs2.correiobraziliense.com.br\/vicente\/wp-json\/wp\/v2\/categories?post=1543"},{"taxonomy":"post_tag","embeddable":true,"href":"https:\/\/blogs2.correiobraziliense.com.br\/vicente\/wp-json\/wp\/v2\/tags?post=1543"}],"curies":[{"name":"wp","href":"https:\/\/api.w.org\/{rel}","templated":true}]}}