{"id":1546,"date":"2016-06-21T14:46:02","date_gmt":"2016-06-21T17:46:02","guid":{"rendered":"https:\/\/blogs2.correiobraziliense.com.br\/vicente\/?p=1546"},"modified":"2016-06-21T16:00:10","modified_gmt":"2016-06-21T19:00:10","slug":"aereas-poderao-ter-100-do-capital-estrangeiro","status":"publish","type":"post","link":"https:\/\/blogs2.correiobraziliense.com.br\/vicente\/aereas-poderao-ter-100-do-capital-estrangeiro\/","title":{"rendered":"A\u00e9reas poder\u00e3o ter 100% de capital estrangeiro"},"content":{"rendered":"<p>POR ANTONIO TEM\u00d3TEO<\/p>\n<p>&nbsp;<\/p>\n<p>A C\u00e2mara dos Deputados aprovou a Medida Provis\u00f3ria n\u00ba 714 de 2016 que autoriza empresas estrangeiras a deter at\u00e9 100% do capital de companhias a\u00e9reas brasileiras. O texto, feito sob medida para a Gol, segue agora para aprecia\u00e7\u00e3o do Senado Federal. A MP foi enviada originalmente pela presidente da Rep\u00fablica afastada, Dilma Rousseff, e autorizava que firmas de outros pa\u00edses controlassem at\u00e9 49% das a\u00e7\u00f5es de a\u00e9reas nacionais.<\/p>\n<p>&nbsp;<\/p>\n<p>Atualmente, o C\u00f3digo Brasileiro de Aeron\u00e1utica permite que 20% do capital das a\u00e9reas esteja nas m\u00e3os de empresas estrangeiras.\u00a0A Associa\u00e7\u00e3o Brasileira das Companhias A\u00e9reas (Abear) defende a\u00a0eleva\u00e7\u00e3o do limite de capital estrangeiro para at\u00e9 49%. \u00a0A entidade informou que a discuss\u00e3o do tema \u00e9 parte de um debate amplo sobre a regula\u00e7\u00e3o da avia\u00e7\u00e3o civil no Brasil e seu alinhamento aos par\u00e2metros predominantes mundialmente. &#8220;Para trazer ganhos efetivos, a facilita\u00e7\u00e3o do acesso aos capitais globais precisa ser acompanhada da elimina\u00e7\u00e3o das distor\u00e7\u00f5es competitivas existentes no pa\u00eds, o que inclui aspectos de custos e de produtividade&#8221;, afirmou em nota.<\/p>\n<p>&nbsp;<\/p>\n<p>O Sindicado Nacional dos Aeronautas (SNA) tamb\u00e9m \u00e9 contra medida, mas, diante do apoio do governo \u00e0 amplia\u00e7\u00e3o do capital estrangeiro nas a\u00e9reas, conseguiu a aprova\u00e7\u00e3o de emendas para garantir empregos para os brasileiros. Pela norma aprovada, a fun\u00e7\u00e3o remunerada a bordo das aeronaves, nacionais ou estrangeiras quando operadas por empresa brasileira \u00e9 privativa de titulares de licen\u00e7as espec\u00edficas, emitidas pela Autoridade de Avia\u00e7\u00e3o Civil Brasileira e reservada a brasileiros natos ou naturalizados.<\/p>\n<p>&nbsp;<\/p>\n<p>&nbsp;<\/p>\n","protected":false},"excerpt":{"rendered":"<p>POR ANTONIO TEM\u00d3TEO &nbsp; A C\u00e2mara dos Deputados aprovou a Medida Provis\u00f3ria n\u00ba 714 de 2016 que autoriza empresas estrangeiras a deter at\u00e9 100% do capital de companhias a\u00e9reas brasileiras. O texto, feito sob medida para a Gol, segue agora para aprecia\u00e7\u00e3o do Senado Federal. A MP foi enviada originalmente pela presidente da Rep\u00fablica afastada, [&hellip;]<\/p>\n","protected":false},"author":22,"featured_media":0,"comment_status":"open","ping_status":"closed","sticky":false,"template":"","format":"standard","meta":{"wpb_read_more":[],"footnotes":""},"categories":[1],"tags":[],"class_list":["post-1546","post","type-post","status-publish","format-standard","hentry","category-sem-categoria"],"_links":{"self":[{"href":"https:\/\/blogs2.correiobraziliense.com.br\/vicente\/wp-json\/wp\/v2\/posts\/1546","targetHints":{"allow":["GET"]}}],"collection":[{"href":"https:\/\/blogs2.correiobraziliense.com.br\/vicente\/wp-json\/wp\/v2\/posts"}],"about":[{"href":"https:\/\/blogs2.correiobraziliense.com.br\/vicente\/wp-json\/wp\/v2\/types\/post"}],"author":[{"embeddable":true,"href":"https:\/\/blogs2.correiobraziliense.com.br\/vicente\/wp-json\/wp\/v2\/users\/22"}],"replies":[{"embeddable":true,"href":"https:\/\/blogs2.correiobraziliense.com.br\/vicente\/wp-json\/wp\/v2\/comments?post=1546"}],"version-history":[{"count":4,"href":"https:\/\/blogs2.correiobraziliense.com.br\/vicente\/wp-json\/wp\/v2\/posts\/1546\/revisions"}],"predecessor-version":[{"id":1554,"href":"https:\/\/blogs2.correiobraziliense.com.br\/vicente\/wp-json\/wp\/v2\/posts\/1546\/revisions\/1554"}],"wp:attachment":[{"href":"https:\/\/blogs2.correiobraziliense.com.br\/vicente\/wp-json\/wp\/v2\/media?parent=1546"}],"wp:term":[{"taxonomy":"category","embeddable":true,"href":"https:\/\/blogs2.correiobraziliense.com.br\/vicente\/wp-json\/wp\/v2\/categories?post=1546"},{"taxonomy":"post_tag","embeddable":true,"href":"https:\/\/blogs2.correiobraziliense.com.br\/vicente\/wp-json\/wp\/v2\/tags?post=1546"}],"curies":[{"name":"wp","href":"https:\/\/api.w.org\/{rel}","templated":true}]}}