{"id":155,"date":"2015-08-04T10:10:00","date_gmt":"2015-08-04T13:10:00","guid":{"rendered":"https:\/\/blogs2.correiobraziliense.com.br\/vicente\/cartas_na_mesa\/"},"modified":"2015-08-04T10:10:00","modified_gmt":"2015-08-04T13:10:00","slug":"cartas_na_mesa","status":"publish","type":"post","link":"https:\/\/blogs2.correiobraziliense.com.br\/vicente\/cartas_na_mesa\/","title":{"rendered":"CARTAS NA MESA"},"content":{"rendered":"\n<p>As apostas sobre a possibilidade de a presidente Dilma Rousseff deixar o poder aumentaram ontem. A nova pris\u00e3o de Jos\u00e9 Dirceu, que teve a desfa\u00e7atez de continuar recebendo propina mesmo depois de ter sido preso por causa do mensal\u00e3o, fez com que a corrup\u00e7\u00e3o na Petrobras, desvendada pela Opera\u00e7\u00e3o Lava-Jato, entrasse com tudo no Pal\u00e1cio do Planalto. No mercado financeiro, muitos acreditam que Dilma n\u00e3o conseguir\u00e1 se livrar do esc\u00e2ndalo. O argumento de que ela \u00e9 honesta e n\u00e3o roubou j\u00e1 n\u00e3o convence mais. Mesmo que n\u00e3o tenha amealhado fortuna, como boa parte dos petistas, a presidente, no m\u00ednimo, foi conivente, fechou os olhos para os malfeitos. <\/p>\n<p>O clima de apreens\u00e3o \u00e9 grande, sobretudo na equipe econ\u00f4mica. Com a crise pol\u00edtica se agigantando e a presidente em situa\u00e7\u00e3o cada vez mais fr\u00e1gil, a tend\u00eancia \u00e9 de que a atividade afunde ainda mais. O ministro da Fazenda, Joaquim Levy, vem tentando reverter o pessimismo no gog\u00f3. Diz que chegou a hora de olhar para a frente, enxergar um horizonte mais tranquilo, pois \u201ch\u00e1 promessa de vida\u201d no futuro pr\u00f3ximo. Em outros tempos, as palavras do ministro teriam um peso enorme. Mas ele j\u00e1 n\u00e3o tem a for\u00e7a de quando assumiu. Nos \u00faltimos meses, colecionou v\u00e1rias derrotas. Ficou menos influente em decis\u00f5es cruciais para o pa\u00eds, como o ajuste fiscal, agora dilu\u00eddo ao longo de quatro anos, na melhor das hip\u00f3teses. <\/p>\n<p>O governo j\u00e1 vinha se preparando para um agosto dif\u00edcil. N\u00e3o contava, por\u00e9m, com a pris\u00e3o de Dirceu, que joga a crise no colo da presidente e de Lula. Para assessores do Planalto, a situa\u00e7\u00e3o est\u00e1 chegando ao limite. E pode explodir de vez no pr\u00f3ximo dia 16, se a popula\u00e7\u00e3o realmente sair \u00e0s ruas em protesto contra Dilma. J\u00e1 falam em mais de 3 milh\u00f5es pregando a ren\u00fancia ou o impeachment da presidente. \u00c9 por essa raz\u00e3o que os investidores est\u00e3o ariscos. Os que podem, come\u00e7am a tirar dinheiro do pa\u00eds. Esse movimento de sa\u00edda faz com que, a cada dia, o d\u00f3lar registre novo recorde em 12 anos, um baque para a infla\u00e7\u00e3o, que est\u00e1 no topo da insatisfa\u00e7\u00e3o popular contra o governo. <\/p>\n<p>Isso comprova que o custo da corrup\u00e7\u00e3o na Petrobras se espalhou por toda a economia e ser\u00e1 sentido por um bom tempo. Como lembra o economista-chefe da Itaim Asset, Ivo Chermont, o Banco Central deu todos os sinais de que o processo de aumento dos juros chegou ao fim. A taxa b\u00e1sica (Selic), de 14,25% ao ano, ser\u00e1 mantida por um \u201cper\u00edodo prolongado\u201d.&nbsp; O BC n\u00e3o contava, por\u00e9m, com a nova arrancada da moeda norte-americana. \u201cN\u00e3o d\u00e1 para o d\u00f3lar subir 10% em um m\u00eas e n\u00e3o haver repasse para a infla\u00e7\u00e3o\u201d, diz o especialista. \u201cE, no quadro atual, cada n\u00famero depois da v\u00edrgula faz diferen\u00e7a\u201d, emenda. Pelos c\u00e1lculos da autoridade monet\u00e1ria, a cada 10% de valoriza\u00e7\u00e3o da divisa dos Estados Unidos, h\u00e1 aumento de 0,5 ponto percentual no \u00cdndice de Pre\u00e7os ao Consumidor Amplo (IPCA), que dever\u00e1 bater, nos 12 meses terminados em julho, em 9,56%. O dado oficial sair\u00e1 na sexta-feira. <\/p>\n<p>Na vis\u00e3o de Chermont, assim como Levy est\u00e1 tentando convencer os investidores de que, mesmo fazendo superavit prim\u00e1rio de 0,15% do Produto Interno Bruto (PIB) neste ano, o governo mant\u00e9m o compromisso com o ajuste fiscal, o BC ter\u00e1 que gastar muita saliva para explicar que n\u00e3o precisar\u00e1 mais elevar os juros, apesar da arrancada do d\u00f3lar. Nos dois casos, as chances de sucesso s\u00e3o muito pequenas. O economista entende que a comunica\u00e7\u00e3o da Fazenda e do BC ser\u00e1 atropelada pela crise pol\u00edtica, que tende a difundir a desconfian\u00e7a. Nesse clima, n\u00e3o h\u00e1 como pensar em recupera\u00e7\u00e3o da atividade. <\/p>\n<p><b>Sobrar\u00e1 o pior<\/b> <\/p>\n<p>Nem mesmo a estrat\u00e9gia de Dilma de se aproximar do presidente do Senado, Renan Calheiros como t\u00e1bua de salva\u00e7\u00e3o no Congresso diminui a apreens\u00e3o dos investidores. Para ele, bastar\u00e1 a insatisfa\u00e7\u00e3o popular tomar as ruas para que qualquer gesto de boa vontade do parlamentar ir para o espa\u00e7o. Renan tamb\u00e9m est\u00e1 fragilizado pela Lava-Jato, mas \u00e9 visto pelo Planalto como um contraponto importante ao presidente da C\u00e2mara, Eduardo Cunha, cujo reinado est\u00e1 t\u00e3o amea\u00e7ado quanto o de Dilma. \u201cMuitos investidores j\u00e1 se perguntam quem cair\u00e1 primeiro\u201d, afirma um executivo de um banco estrangeiro. <\/p>\n<p>Diante de todo esse impasse pol\u00edtico e da derrocada da economia, a popula\u00e7\u00e3o ter\u00e1 que se contentar com o pior. A infla\u00e7\u00e3o ficar\u00e1 alta por mais tempo, solapando a renda das fam\u00edlias. Empresas fechar\u00e3o as portas e o desemprego saltar\u00e1 rapidamente para os 10%. \u00c9 dif\u00edcil acreditar que, num contexto como esse, um governo, mesmo eleito democraticamente, tenha condi\u00e7\u00f5es de se sustentar. Os pr\u00f3ximos dias e semanas ser\u00e3o de guerra. Resta torcer para que o Brasil saia melhor desse processo de depura\u00e7\u00e3o. <\/p>\n<p>Pais do desastre <\/p>\n<p>\u00bb Tem gente no governo que passou a amaldi\u00e7oar Guido Mantega, ex-ministro da Fazenda, e Arno Augustin, ex-secret\u00e1rio do Tesouro Nacional. Antes, her\u00f3is dos petistas, agora s\u00e3o chamados de pais do desastre que acabou com o governo Dilma. <\/p>\n<p><b>Corte geral<\/b> <\/p>\n<p>\u00bb H\u00e1 assessores de Joaquim Levy que ainda n\u00e3o se conformam com a redu\u00e7\u00e3o da meta fiscal e o descr\u00e9dito que recaiu sobre o Minist\u00e9rio da Fazenda. Dizem que a presidente Dilma deveria ter optado por um corte maior de gastos, mesmo que a m\u00e1quina parasse por completo por um per\u00edodo. <\/p>\n<p>Farra com dinheiro p\u00fablico <\/p>\n<p>\u00bb H\u00e1 um programa do governo que os assessores de Levy n\u00e3o engolem: o Ci\u00eancia sem Fronteiras. Alegam que a ideia \u00e9 boa, mas o que se est\u00e1 vendo \u00e9 o governo financiando longos per\u00edodos de f\u00e9rias para jovens da classe m\u00e9dia, que pouco querem saber de estudos.<i> <\/p>\n<p><\/i><i>Bras\u00edlia, 10h10min<\/i>   <\/p>\n","protected":false},"excerpt":{"rendered":"<p>As apostas sobre a possibilidade de a presidente Dilma Rousseff deixar o poder aumentaram ontem. A nova pris\u00e3o de Jos\u00e9 Dirceu, que teve a desfa\u00e7atez de continuar recebendo propina mesmo depois de ter sido preso por causa do mensal\u00e3o, fez com que a corrup\u00e7\u00e3o na Petrobras, desvendada pela Opera\u00e7\u00e3o Lava-Jato, entrasse com tudo no Pal\u00e1cio [&hellip;]<\/p>\n","protected":false},"author":22,"featured_media":0,"comment_status":"open","ping_status":"open","sticky":false,"template":"","format":"standard","meta":{"wpb_read_more":[],"footnotes":""},"categories":[1],"tags":[],"class_list":["post-155","post","type-post","status-publish","format-standard","hentry","category-sem-categoria"],"_links":{"self":[{"href":"https:\/\/blogs2.correiobraziliense.com.br\/vicente\/wp-json\/wp\/v2\/posts\/155","targetHints":{"allow":["GET"]}}],"collection":[{"href":"https:\/\/blogs2.correiobraziliense.com.br\/vicente\/wp-json\/wp\/v2\/posts"}],"about":[{"href":"https:\/\/blogs2.correiobraziliense.com.br\/vicente\/wp-json\/wp\/v2\/types\/post"}],"author":[{"embeddable":true,"href":"https:\/\/blogs2.correiobraziliense.com.br\/vicente\/wp-json\/wp\/v2\/users\/22"}],"replies":[{"embeddable":true,"href":"https:\/\/blogs2.correiobraziliense.com.br\/vicente\/wp-json\/wp\/v2\/comments?post=155"}],"version-history":[{"count":0,"href":"https:\/\/blogs2.correiobraziliense.com.br\/vicente\/wp-json\/wp\/v2\/posts\/155\/revisions"}],"wp:attachment":[{"href":"https:\/\/blogs2.correiobraziliense.com.br\/vicente\/wp-json\/wp\/v2\/media?parent=155"}],"wp:term":[{"taxonomy":"category","embeddable":true,"href":"https:\/\/blogs2.correiobraziliense.com.br\/vicente\/wp-json\/wp\/v2\/categories?post=155"},{"taxonomy":"post_tag","embeddable":true,"href":"https:\/\/blogs2.correiobraziliense.com.br\/vicente\/wp-json\/wp\/v2\/tags?post=155"}],"curies":[{"name":"wp","href":"https:\/\/api.w.org\/{rel}","templated":true}]}}