{"id":1550,"date":"2016-06-21T15:35:46","date_gmt":"2016-06-21T18:35:46","guid":{"rendered":"https:\/\/blogs2.correiobraziliense.com.br\/vicente\/?p=1550"},"modified":"2016-06-21T15:35:46","modified_gmt":"2016-06-21T18:35:46","slug":"para-ex-presidente-do-cade-governos-nao-deveriam-se-intrometer-na-concorrencia-entre-uber-e-taxistas","status":"publish","type":"post","link":"https:\/\/blogs2.correiobraziliense.com.br\/vicente\/para-ex-presidente-do-cade-governos-nao-deveriam-se-intrometer-na-concorrencia-entre-uber-e-taxistas\/","title":{"rendered":"Para ex-presidente do Cade, governos n\u00e3o deveriam se intrometer na concorr\u00eancia entre Uber e taxistas"},"content":{"rendered":"<p>A grande discuss\u00e3o que est\u00e1 ocorrendo hoje em Bras\u00edlia em torno da regulamenta\u00e7\u00e3o ou n\u00e3o do Uber n\u00e3o deveria est\u00e1 acontecendo, diz Ruy Coutinho, ex-presidente do Conselho Administrativo de Defesa da Concorr\u00eancia (Cade), \u00f3rg\u00e3o respons\u00e1vel por garantir a livre concorr\u00eancia no pa\u00eds. Para ele, o debate sobre a regulamenta\u00e7\u00e3o do servi\u00e7o por aplicativo na C\u00e2mara Distrital tem mais interesses pol\u00edticos do que econ\u00f4micos.<\/p>\n<p>&nbsp;<\/p>\n<p>No entender de Coutinho, tanto os artigos 170 e 173 da Constitui\u00e7\u00e3o quanto o artigo 36 da lei que criou o Cade defendem a preserva\u00e7\u00e3o da ordem econ\u00f4mica por meio da livre iniciativa. &#8220;Ao se tentar impedir a entrada de uma empresa no mercado se est\u00e1 cometendo uma infra\u00e7\u00e3o econ\u00f4mica, o que \u00e9 crime. A livre concorr\u00eancia protege os consumidores. Os governos n\u00e3o podem prescindir desse bem precioso em detrimento de grupos espec\u00edficos&#8221;, afirma.<\/p>\n<p>&nbsp;<\/p>\n<p><a href=\"https:\/\/blogs2.correiobraziliense.com.br\/vicente\/wp-content\/uploads\/sites\/16\/2016\/06\/Uber.jpg\" rel=\"attachment wp-att-1551\"><img loading=\"lazy\" decoding=\"async\" class=\"alignnone  wp-image-1551\" src=\"https:\/\/blogs2.correiobraziliense.com.br\/vicente\/wp-content\/uploads\/sites\/16\/2016\/06\/Uber-300x200.jpg\" alt=\"Uber\" width=\"467\" height=\"311\" srcset=\"https:\/\/blogs2.correiobraziliense.com.br\/vicente\/wp-content\/uploads\/sites\/16\/2016\/06\/Uber-300x200.jpg 300w, https:\/\/blogs2.correiobraziliense.com.br\/vicente\/wp-content\/uploads\/sites\/16\/2016\/06\/Uber-768x512.jpg 768w, https:\/\/blogs2.correiobraziliense.com.br\/vicente\/wp-content\/uploads\/sites\/16\/2016\/06\/Uber-1024x682.jpg 1024w, https:\/\/blogs2.correiobraziliense.com.br\/vicente\/wp-content\/uploads\/sites\/16\/2016\/06\/Uber-350x233.jpg 350w, https:\/\/blogs2.correiobraziliense.com.br\/vicente\/wp-content\/uploads\/sites\/16\/2016\/06\/Uber-550x367.jpg 550w, https:\/\/blogs2.correiobraziliense.com.br\/vicente\/wp-content\/uploads\/sites\/16\/2016\/06\/Uber-230x153.jpg 230w, https:\/\/blogs2.correiobraziliense.com.br\/vicente\/wp-content\/uploads\/sites\/16\/2016\/06\/Uber.jpg 1280w\" sizes=\"auto, (max-width: 467px) 100vw, 467px\" \/><\/a><\/p>\n<p><em>Foto: Rodrigo Nunes\/ CB Press<\/em><\/p>\n<p>&nbsp;<\/p>\n<p>Segundo Coutinho, o Uber deveria estar operando livremente, sem embara\u00e7os, pois cabe aos consumidores definirem que servi\u00e7os querem. Quando os pol\u00edticos entram nessa discuss\u00e3o, o \u00fanico objetivo \u00e9 tirar proveito da situa\u00e7\u00e3o, nunca se est\u00e1 pensando no bem maior, que \u00e9 a prote\u00e7\u00e3o \u00e0 popula\u00e7\u00e3o.<\/p>\n<p>&nbsp;<\/p>\n<p>A confus\u00e3o na porta da C\u00e2mara Distrital est\u00e1 enorme, enquanto se aguarda a vota\u00e7\u00e3o do projeto que regulamentar\u00e1 o Uber em Bras\u00edlia. Mais de mil manifestantes est\u00e3o fazendo um grande barulho na porta da institui\u00e7\u00e3o e tumultuando o tr\u00e2nsito. A vota\u00e7\u00e3o deve se arrastar ao longo da tarde e in\u00edcio da noite.<\/p>\n<p>&nbsp;<\/p>\n<p><em>Bras\u00edlia, 15h15min<\/em><\/p>\n","protected":false},"excerpt":{"rendered":"<p>A grande discuss\u00e3o que est\u00e1 ocorrendo hoje em Bras\u00edlia em torno da regulamenta\u00e7\u00e3o ou n\u00e3o do Uber n\u00e3o deveria est\u00e1 acontecendo, diz Ruy Coutinho, ex-presidente do Conselho Administrativo de Defesa da Concorr\u00eancia (Cade), \u00f3rg\u00e3o respons\u00e1vel por garantir a livre concorr\u00eancia no pa\u00eds. Para ele, o debate sobre a regulamenta\u00e7\u00e3o do servi\u00e7o por aplicativo na C\u00e2mara [&hellip;]<\/p>\n","protected":false},"author":22,"featured_media":0,"comment_status":"open","ping_status":"closed","sticky":false,"template":"","format":"standard","meta":{"wpb_read_more":[],"footnotes":""},"categories":[1],"tags":[],"class_list":["post-1550","post","type-post","status-publish","format-standard","hentry","category-sem-categoria"],"_links":{"self":[{"href":"https:\/\/blogs2.correiobraziliense.com.br\/vicente\/wp-json\/wp\/v2\/posts\/1550","targetHints":{"allow":["GET"]}}],"collection":[{"href":"https:\/\/blogs2.correiobraziliense.com.br\/vicente\/wp-json\/wp\/v2\/posts"}],"about":[{"href":"https:\/\/blogs2.correiobraziliense.com.br\/vicente\/wp-json\/wp\/v2\/types\/post"}],"author":[{"embeddable":true,"href":"https:\/\/blogs2.correiobraziliense.com.br\/vicente\/wp-json\/wp\/v2\/users\/22"}],"replies":[{"embeddable":true,"href":"https:\/\/blogs2.correiobraziliense.com.br\/vicente\/wp-json\/wp\/v2\/comments?post=1550"}],"version-history":[{"count":1,"href":"https:\/\/blogs2.correiobraziliense.com.br\/vicente\/wp-json\/wp\/v2\/posts\/1550\/revisions"}],"predecessor-version":[{"id":1552,"href":"https:\/\/blogs2.correiobraziliense.com.br\/vicente\/wp-json\/wp\/v2\/posts\/1550\/revisions\/1552"}],"wp:attachment":[{"href":"https:\/\/blogs2.correiobraziliense.com.br\/vicente\/wp-json\/wp\/v2\/media?parent=1550"}],"wp:term":[{"taxonomy":"category","embeddable":true,"href":"https:\/\/blogs2.correiobraziliense.com.br\/vicente\/wp-json\/wp\/v2\/categories?post=1550"},{"taxonomy":"post_tag","embeddable":true,"href":"https:\/\/blogs2.correiobraziliense.com.br\/vicente\/wp-json\/wp\/v2\/tags?post=1550"}],"curies":[{"name":"wp","href":"https:\/\/api.w.org\/{rel}","templated":true}]}}