{"id":1555,"date":"2016-06-21T16:46:44","date_gmt":"2016-06-21T19:46:44","guid":{"rendered":"https:\/\/blogs2.correiobraziliense.com.br\/vicente\/?p=1555"},"modified":"2016-06-21T16:46:44","modified_gmt":"2016-06-21T19:46:44","slug":"com-preco-da-gasolina-em-queda-brasilia-registra-deflacao-de-002-em-junho","status":"publish","type":"post","link":"https:\/\/blogs2.correiobraziliense.com.br\/vicente\/com-preco-da-gasolina-em-queda-brasilia-registra-deflacao-de-002-em-junho\/","title":{"rendered":"Com pre\u00e7o da gasolina em queda, Bras\u00edlia registra defla\u00e7\u00e3o de 0,02% em junho"},"content":{"rendered":"<p>Os brasilienses n\u00e3o t\u00eam do que reclamar. Depois de meses seguidos de infla\u00e7\u00e3o em alta, a capital do pa\u00eds registrou defla\u00e7\u00e3o de 0,02% em junho, segundo o \u00cdndice de Pre\u00e7os ao Consumidor Amplo &#8212; 15 (IPCA-15), a pr\u00e9via oficial do custo de vida. Ou seja, na m\u00e9dia geral, mais pre\u00e7os ca\u00edram do que subiram, um al\u00edvio para o or\u00e7amento dom\u00e9stico.<\/p>\n<p>&nbsp;<\/p>\n<p>A defla\u00e7\u00e3o ocorreu,l sobretudo, por causa da queda dos pre\u00e7os da gasolina (h\u00e1 postos em que o litro est\u00e1 sendo vendido a R$ 3,52 depois de ter atingido R$ 4 em mar\u00e7o) e do barateamento das passagens a\u00e9reas. Com isso, segundo o Instituto Brasileiro de Geografia e Estat\u00edstica (IBGE), o grupo transportes, com taxa negativa, compensou a forte alta do grupo habita\u00e7\u00e3o, influenciado pelo reajuste de \u00e1gua e esgoto. No Distrito Federal, esses servi\u00e7os subiram 7,95%, metade desse aumento (3,48%) captada neste m\u00eas.<\/p>\n<p>&nbsp;<\/p>\n<p>O IBGE mostra ainda que Bras\u00edlia registra a menor infla\u00e7\u00e3o entre as 11 capitais pesquisadas pelo IBGE, com taxa de 7,48% no acumulado de 12 meses. Segundo os especialistas, n\u00e3o h\u00e1 perspectiva de grande disparada dos pre\u00e7os nos pr\u00f3ximos meses, devido \u00e0 forte recess\u00e3o que assola o pa\u00eds e \u00e0 menor varia\u00e7\u00e3o do valor dos alimentos.<\/p>\n<p>&nbsp;<\/p>\n<p><em>Bras\u00edlia, 16h36min<\/em><\/p>\n","protected":false},"excerpt":{"rendered":"<p>Os brasilienses n\u00e3o t\u00eam do que reclamar. Depois de meses seguidos de infla\u00e7\u00e3o em alta, a capital do pa\u00eds registrou defla\u00e7\u00e3o de 0,02% em junho, segundo o \u00cdndice de Pre\u00e7os ao Consumidor Amplo &#8212; 15 (IPCA-15), a pr\u00e9via oficial do custo de vida. Ou seja, na m\u00e9dia geral, mais pre\u00e7os ca\u00edram do que subiram, um [&hellip;]<\/p>\n","protected":false},"author":22,"featured_media":0,"comment_status":"open","ping_status":"closed","sticky":false,"template":"","format":"standard","meta":{"wpb_read_more":[],"footnotes":""},"categories":[1],"tags":[],"class_list":["post-1555","post","type-post","status-publish","format-standard","hentry","category-sem-categoria"],"_links":{"self":[{"href":"https:\/\/blogs2.correiobraziliense.com.br\/vicente\/wp-json\/wp\/v2\/posts\/1555","targetHints":{"allow":["GET"]}}],"collection":[{"href":"https:\/\/blogs2.correiobraziliense.com.br\/vicente\/wp-json\/wp\/v2\/posts"}],"about":[{"href":"https:\/\/blogs2.correiobraziliense.com.br\/vicente\/wp-json\/wp\/v2\/types\/post"}],"author":[{"embeddable":true,"href":"https:\/\/blogs2.correiobraziliense.com.br\/vicente\/wp-json\/wp\/v2\/users\/22"}],"replies":[{"embeddable":true,"href":"https:\/\/blogs2.correiobraziliense.com.br\/vicente\/wp-json\/wp\/v2\/comments?post=1555"}],"version-history":[{"count":1,"href":"https:\/\/blogs2.correiobraziliense.com.br\/vicente\/wp-json\/wp\/v2\/posts\/1555\/revisions"}],"predecessor-version":[{"id":1556,"href":"https:\/\/blogs2.correiobraziliense.com.br\/vicente\/wp-json\/wp\/v2\/posts\/1555\/revisions\/1556"}],"wp:attachment":[{"href":"https:\/\/blogs2.correiobraziliense.com.br\/vicente\/wp-json\/wp\/v2\/media?parent=1555"}],"wp:term":[{"taxonomy":"category","embeddable":true,"href":"https:\/\/blogs2.correiobraziliense.com.br\/vicente\/wp-json\/wp\/v2\/categories?post=1555"},{"taxonomy":"post_tag","embeddable":true,"href":"https:\/\/blogs2.correiobraziliense.com.br\/vicente\/wp-json\/wp\/v2\/tags?post=1555"}],"curies":[{"name":"wp","href":"https:\/\/api.w.org\/{rel}","templated":true}]}}