{"id":1557,"date":"2016-06-21T17:31:46","date_gmt":"2016-06-21T20:31:46","guid":{"rendered":"https:\/\/blogs2.correiobraziliense.com.br\/vicente\/?p=1557"},"modified":"2016-06-21T17:31:46","modified_gmt":"2016-06-21T20:31:46","slug":"criticas-tiago-berriel-futuro-diretor-do-bc","status":"publish","type":"post","link":"https:\/\/blogs2.correiobraziliense.com.br\/vicente\/criticas-tiago-berriel-futuro-diretor-do-bc\/","title":{"rendered":"Cr\u00edticas a Tiago Berriel, futuro diretor do BC"},"content":{"rendered":"<p>Nos corredores do Banco Central, o zunzunzum \u00e9 grande. H\u00e1 t\u00e9cnicos da institui\u00e7\u00e3o que n\u00e3o escondem o descontentamento com a escolha de Tiago Berriel pelo atual presidente da institui\u00e7\u00e3o, Ilan Goldfajn, para ocupar a diretoria de Assuntos Internacionais. Alegam que ele n\u00e3o teria experi\u00eancia suficiente para a fun\u00e7\u00e3o.<\/p>\n<p>&nbsp;<\/p>\n<p>&#8220;Talvez, daqui a 15 anos, ele fosse um \u00f3timo diretor do BC&#8221;, diz um dos t\u00e9cnicos. Para o mercado financeiro, por\u00e9m, Berriel \u00e9 um excelente nome e qualificado suficiente para se sentar \u00e0 cadeira designada por Ilan. Berriel \u00e9 professor da Pontif\u00edcia Universidade Cat\u00f3lica do Rio de Janeiro (PUC-RJ) e muito ligado a Ilan e a Arminio Fraga, ex-comandante da autoridade monet\u00e1ria.<\/p>\n","protected":false},"excerpt":{"rendered":"<p>Nos corredores do Banco Central, o zunzunzum \u00e9 grande. H\u00e1 t\u00e9cnicos da institui\u00e7\u00e3o que n\u00e3o escondem o descontentamento com a escolha de Tiago Berriel pelo atual presidente da institui\u00e7\u00e3o, Ilan Goldfajn, para ocupar a diretoria de Assuntos Internacionais. Alegam que ele n\u00e3o teria experi\u00eancia suficiente para a fun\u00e7\u00e3o. &nbsp; &#8220;Talvez, daqui a 15 anos, ele [&hellip;]<\/p>\n","protected":false},"author":22,"featured_media":0,"comment_status":"open","ping_status":"closed","sticky":false,"template":"","format":"standard","meta":{"wpb_read_more":[],"footnotes":""},"categories":[1],"tags":[],"class_list":["post-1557","post","type-post","status-publish","format-standard","hentry","category-sem-categoria"],"_links":{"self":[{"href":"https:\/\/blogs2.correiobraziliense.com.br\/vicente\/wp-json\/wp\/v2\/posts\/1557","targetHints":{"allow":["GET"]}}],"collection":[{"href":"https:\/\/blogs2.correiobraziliense.com.br\/vicente\/wp-json\/wp\/v2\/posts"}],"about":[{"href":"https:\/\/blogs2.correiobraziliense.com.br\/vicente\/wp-json\/wp\/v2\/types\/post"}],"author":[{"embeddable":true,"href":"https:\/\/blogs2.correiobraziliense.com.br\/vicente\/wp-json\/wp\/v2\/users\/22"}],"replies":[{"embeddable":true,"href":"https:\/\/blogs2.correiobraziliense.com.br\/vicente\/wp-json\/wp\/v2\/comments?post=1557"}],"version-history":[{"count":1,"href":"https:\/\/blogs2.correiobraziliense.com.br\/vicente\/wp-json\/wp\/v2\/posts\/1557\/revisions"}],"predecessor-version":[{"id":1558,"href":"https:\/\/blogs2.correiobraziliense.com.br\/vicente\/wp-json\/wp\/v2\/posts\/1557\/revisions\/1558"}],"wp:attachment":[{"href":"https:\/\/blogs2.correiobraziliense.com.br\/vicente\/wp-json\/wp\/v2\/media?parent=1557"}],"wp:term":[{"taxonomy":"category","embeddable":true,"href":"https:\/\/blogs2.correiobraziliense.com.br\/vicente\/wp-json\/wp\/v2\/categories?post=1557"},{"taxonomy":"post_tag","embeddable":true,"href":"https:\/\/blogs2.correiobraziliense.com.br\/vicente\/wp-json\/wp\/v2\/tags?post=1557"}],"curies":[{"name":"wp","href":"https:\/\/api.w.org\/{rel}","templated":true}]}}