{"id":15580,"date":"2020-09-01T18:01:44","date_gmt":"2020-09-01T21:01:44","guid":{"rendered":"https:\/\/blogs2.correiobraziliense.com.br\/vicente\/?p=15580"},"modified":"2020-09-01T18:34:34","modified_gmt":"2020-09-01T21:34:34","slug":"para-alegria-de-bolsonaro-anvisa-volta-a-facilitar-a-venda-de-ivermectina-e-nitazoxanida","status":"publish","type":"post","link":"https:\/\/blogs2.correiobraziliense.com.br\/vicente\/para-alegria-de-bolsonaro-anvisa-volta-a-facilitar-a-venda-de-ivermectina-e-nitazoxanida\/","title":{"rendered":"Para alegria de Bolsonaro, Anvisa volta a facilitar a venda de Ivermectina e Nitazoxanida"},"content":{"rendered":"<h2>O presidente Jair Bolsonaro, que, agora, diz que n\u00e3o \u00e9 obrigat\u00f3rio tomar vacina, j\u00e1 pode comemorar. Para alegria dele, a Ag\u00eancia Nacional de Vigil\u00e2ncia Sanit\u00e1ria (Anvisa) voltou a facilitar a venda de dois medicamentos que ele costuma receitar para o tratamento da covid-19: a Ivermectina e a Nitazoxanima.<\/h2>\n<p>&nbsp;<\/p>\n<p>Em reuni\u00e3o colegiada nesta ter\u00e7a-feira (01\/09), a diretoria colegiada da ag\u00eancia revisou a exig\u00eancia de reten\u00e7\u00e3o de receita para os medicamentos Ivermectina e Nitazoxanida. Ou seja, a venda desses verm\u00edfugos est\u00e1 totalmente liberada.<\/p>\n<p>&nbsp;<\/p>\n<p>Segundo a Anvida, a a\u00e7\u00e3o faz parte do monitoramento constante de subst\u00e2ncias sujeitas a controle em virtude da emerg\u00eancia de sa\u00fade p\u00fablica de import\u00e2ncia internacional (ESPII) relacionada ao novo coronav\u00edrus (Sars-CoV-2).<\/p>\n<p>&nbsp;<\/p>\n<p>A ag\u00eancia ressalta que se verificoue que os medicamentos Ivermectina e Nitazoxanida, no momento, n\u00e3o se encontram sob amea\u00e7a de desabastecimento de mercado. Portanto, n\u00e3o h\u00e1 mais necessidade de se manter restri\u00e7\u00f5es para acesso aos rem\u00e9dios.<\/p>\n<p>&nbsp;<\/p>\n<p>&#8220;A altera\u00e7\u00e3o foi adotada visando garantir o acesso da popula\u00e7\u00e3o ao tratamento de verminoses e parasitoses bastante conhecidas e bem significativas. A decis\u00e3o considera ainda que os dois medicamentos j\u00e1 s\u00e3o de prescri\u00e7\u00e3o m\u00e9dica e n\u00e3o v\u00eam sendo utilizados em doen\u00e7as e pacientes cr\u00f4nicos&#8221;.<\/p>\n<p>&nbsp;<\/p>\n<p>A Anvisa ressalta, ainda &#8220;o monitoramento da lista de subst\u00e2ncias sujeitas a controle em virtude da citada emerg\u00eancia de sa\u00fade p\u00fablica de import\u00e2ncia internacional relacionada ao novo coronav\u00edrus permanece sendo feito e tem como objetivo garantir o acesso da popula\u00e7\u00e3o aos tratamento de sa\u00fade necess\u00e1rios&#8221;.<\/p>\n<p>&nbsp;<\/p>\n<p>De acordo com a ag\u00eancia, a decis\u00e3o vale a partir da publica\u00e7\u00e3o no Di\u00e1rio Oficial da Uni\u00e3o.<\/p>\n<p>&nbsp;<\/p>\n<p><em>Bras\u00edlia, 18h01min<\/em><\/p>\n","protected":false},"excerpt":{"rendered":"<p>O presidente Jair Bolsonaro, que, agora, diz que n\u00e3o \u00e9 obrigat\u00f3rio tomar vacina, j\u00e1 pode comemorar. Para alegria dele, a Ag\u00eancia Nacional de Vigil\u00e2ncia Sanit\u00e1ria (Anvisa) voltou a facilitar a venda de dois medicamentos que ele costuma receitar para o tratamento da covid-19: a Ivermectina e a Nitazoxanima. &nbsp; Em reuni\u00e3o colegiada nesta ter\u00e7a-feira (01\/09), [&hellip;]<\/p>\n","protected":false},"author":22,"featured_media":13136,"comment_status":"open","ping_status":"closed","sticky":false,"template":"","format":"standard","meta":{"wpb_read_more":[],"footnotes":""},"categories":[600],"tags":[4514,2554,4718,2485,4885,660],"class_list":["post-15580","post","type-post","status-publish","format-standard","has-post-thumbnail","hentry","category-economia","tag-anvisa","tag-bolsonaro","tag-ivermectina","tag-liberacao","tag-nitazoxanida","tag-receita"],"_links":{"self":[{"href":"https:\/\/blogs2.correiobraziliense.com.br\/vicente\/wp-json\/wp\/v2\/posts\/15580","targetHints":{"allow":["GET"]}}],"collection":[{"href":"https:\/\/blogs2.correiobraziliense.com.br\/vicente\/wp-json\/wp\/v2\/posts"}],"about":[{"href":"https:\/\/blogs2.correiobraziliense.com.br\/vicente\/wp-json\/wp\/v2\/types\/post"}],"author":[{"embeddable":true,"href":"https:\/\/blogs2.correiobraziliense.com.br\/vicente\/wp-json\/wp\/v2\/users\/22"}],"replies":[{"embeddable":true,"href":"https:\/\/blogs2.correiobraziliense.com.br\/vicente\/wp-json\/wp\/v2\/comments?post=15580"}],"version-history":[{"count":3,"href":"https:\/\/blogs2.correiobraziliense.com.br\/vicente\/wp-json\/wp\/v2\/posts\/15580\/revisions"}],"predecessor-version":[{"id":15583,"href":"https:\/\/blogs2.correiobraziliense.com.br\/vicente\/wp-json\/wp\/v2\/posts\/15580\/revisions\/15583"}],"wp:featuredmedia":[{"embeddable":true,"href":"https:\/\/blogs2.correiobraziliense.com.br\/vicente\/wp-json\/wp\/v2\/media\/13136"}],"wp:attachment":[{"href":"https:\/\/blogs2.correiobraziliense.com.br\/vicente\/wp-json\/wp\/v2\/media?parent=15580"}],"wp:term":[{"taxonomy":"category","embeddable":true,"href":"https:\/\/blogs2.correiobraziliense.com.br\/vicente\/wp-json\/wp\/v2\/categories?post=15580"},{"taxonomy":"post_tag","embeddable":true,"href":"https:\/\/blogs2.correiobraziliense.com.br\/vicente\/wp-json\/wp\/v2\/tags?post=15580"}],"curies":[{"name":"wp","href":"https:\/\/api.w.org\/{rel}","templated":true}]}}