{"id":15593,"date":"2020-09-02T13:44:03","date_gmt":"2020-09-02T16:44:03","guid":{"rendered":"https:\/\/blogs2.correiobraziliense.com.br\/vicente\/?p=15593"},"modified":"2020-09-02T18:20:33","modified_gmt":"2020-09-02T21:20:33","slug":"com-reforma-administrativa-servidores-serao-agrupados-em-no-maximo-30-carreiras","status":"publish","type":"post","link":"https:\/\/blogs2.correiobraziliense.com.br\/vicente\/com-reforma-administrativa-servidores-serao-agrupados-em-no-maximo-30-carreiras\/","title":{"rendered":"Com reforma administrativa, servidores ser\u00e3o agrupados em, no m\u00e1ximo, 30 carreiras"},"content":{"rendered":"<h2>O projeto de reforma administrativa que ser\u00e1 encaminhado pelo governo nesta quinta-feira (03\/09) ser\u00e1 dividida em pelo menos tr\u00eas etapas para tentar derrubar as resist\u00eancias dentro do Congresso em rela\u00e7\u00e3o \u00e0 <a href=\"https:\/\/blogs2.correiobraziliense.com.br\/vicente\/salarios-de-futuros-servidores-serao-equiparados-aos-da-iniciativa-privada\/\">extin\u00e7\u00e3o de benef\u00edcios<\/a> aos servidores. Na primeira fase, ser\u00e1 encaminhada uma Proposta de Emenda \u00e0 Constitui\u00e7\u00e3o (PEC) com as linhas gerais da reforma.<\/h2>\n<p>&nbsp;<\/p>\n<p>&#8220;Vamos testar at\u00e9 aonde podemos ir&#8221;, diz um t\u00e9cnico envolvido na elabora\u00e7\u00e3o das medidas. Ele afirma que o presidente Jair Bolsonaro j\u00e1 deu aval ao projeto como um todo, que ter\u00e1, em uma das fases, a redu\u00e7\u00e3o do n\u00famero de carreiras para algo entre 20 e 30. Hoje, s\u00e3o 117, agrupando quase 2 mil cargos diferentes.<\/p>\n<p>&nbsp;<\/p>\n<p>A inten\u00e7\u00e3o \u00e9 enxugar ao m\u00e1ximo a estrutura da Esplanada dos Minist\u00e9rios, de forma que o Minist\u00e9rio da Economia possa levar adiante uma pol\u00edtica mais forte de meritocracia afim de acabar com as distor\u00e7\u00f5es hoje existes. &#8220;Nosso objetivo \u00e9 transpar\u00eancia e efici\u00eancia&#8221;, diz o t\u00e9cnico.<\/p>\n<p>&nbsp;<\/p>\n<p>Muito do que o governo vai propor\u00a0 j\u00e1 foi tentado no governo de Michel Temer, quando Dyogo Oliveira era ministro do Planejamento. Por press\u00e3o dos servidores e falta de apoio pol\u00edtico, os projetos nunca foram adiante.<\/p>\n<p>&nbsp;<\/p>\n<p>Desta vez, o ministro da Economia, Paulo Guedes, acredita que conseguiu convencer Bolsonaro de que a reforma administrativa \u00e9 vital para enxugar a m\u00e1quina p\u00fablica e abrir espa\u00e7o para gastos que possam alavancar \u00e0 candidatura do presidente \u00e0 reelei\u00e7\u00e3o em 2022.<\/p>\n<p>&nbsp;<\/p>\n<p><em>Bras\u00edlia, 13h44min<\/em><\/p>\n<p>&nbsp;<\/p>\n","protected":false},"excerpt":{"rendered":"<p>O projeto de reforma administrativa que ser\u00e1 encaminhado pelo governo nesta quinta-feira (03\/09) ser\u00e1 dividida em pelo menos tr\u00eas etapas para tentar derrubar as resist\u00eancias dentro do Congresso em rela\u00e7\u00e3o \u00e0 extin\u00e7\u00e3o de benef\u00edcios aos servidores. Na primeira fase, ser\u00e1 encaminhada uma Proposta de Emenda \u00e0 Constitui\u00e7\u00e3o (PEC) com as linhas gerais da reforma. &nbsp; [&hellip;]<\/p>\n","protected":false},"author":22,"featured_media":15307,"comment_status":"open","ping_status":"closed","sticky":false,"template":"","format":"standard","meta":{"wpb_read_more":[],"footnotes":""},"categories":[600],"tags":[],"class_list":["post-15593","post","type-post","status-publish","format-standard","has-post-thumbnail","hentry","category-economia"],"_links":{"self":[{"href":"https:\/\/blogs2.correiobraziliense.com.br\/vicente\/wp-json\/wp\/v2\/posts\/15593","targetHints":{"allow":["GET"]}}],"collection":[{"href":"https:\/\/blogs2.correiobraziliense.com.br\/vicente\/wp-json\/wp\/v2\/posts"}],"about":[{"href":"https:\/\/blogs2.correiobraziliense.com.br\/vicente\/wp-json\/wp\/v2\/types\/post"}],"author":[{"embeddable":true,"href":"https:\/\/blogs2.correiobraziliense.com.br\/vicente\/wp-json\/wp\/v2\/users\/22"}],"replies":[{"embeddable":true,"href":"https:\/\/blogs2.correiobraziliense.com.br\/vicente\/wp-json\/wp\/v2\/comments?post=15593"}],"version-history":[{"count":2,"href":"https:\/\/blogs2.correiobraziliense.com.br\/vicente\/wp-json\/wp\/v2\/posts\/15593\/revisions"}],"predecessor-version":[{"id":15597,"href":"https:\/\/blogs2.correiobraziliense.com.br\/vicente\/wp-json\/wp\/v2\/posts\/15593\/revisions\/15597"}],"wp:featuredmedia":[{"embeddable":true,"href":"https:\/\/blogs2.correiobraziliense.com.br\/vicente\/wp-json\/wp\/v2\/media\/15307"}],"wp:attachment":[{"href":"https:\/\/blogs2.correiobraziliense.com.br\/vicente\/wp-json\/wp\/v2\/media?parent=15593"}],"wp:term":[{"taxonomy":"category","embeddable":true,"href":"https:\/\/blogs2.correiobraziliense.com.br\/vicente\/wp-json\/wp\/v2\/categories?post=15593"},{"taxonomy":"post_tag","embeddable":true,"href":"https:\/\/blogs2.correiobraziliense.com.br\/vicente\/wp-json\/wp\/v2\/tags?post=15593"}],"curies":[{"name":"wp","href":"https:\/\/api.w.org\/{rel}","templated":true}]}}