{"id":15595,"date":"2020-09-02T14:59:51","date_gmt":"2020-09-02T17:59:51","guid":{"rendered":"https:\/\/blogs2.correiobraziliense.com.br\/vicente\/?p=15595"},"modified":"2020-09-02T18:19:43","modified_gmt":"2020-09-02T21:19:43","slug":"salarios-de-futuros-servidores-serao-equiparados-aos-da-iniciativa-privada","status":"publish","type":"post","link":"https:\/\/blogs2.correiobraziliense.com.br\/vicente\/salarios-de-futuros-servidores-serao-equiparados-aos-da-iniciativa-privada\/","title":{"rendered":"Sal\u00e1rios de futuros servidores ser\u00e3o equiparados aos da iniciativa privada"},"content":{"rendered":"<h2>A <a href=\"https:\/\/blogs2.correiobraziliense.com.br\/vicente\/com-reforma-administrativa-servidores-serao-agrupados-em-no-maximo-30-carreiras\/\">reforma administrativa<\/a>, cujas linhas gerais ser\u00e3o encaminhadas nesta quinta-feira (03\/09) ao Congresso, vai reduzir \u2014 e muito \u2014 os sal\u00e1rios iniciais de futuros servidores. H\u00e1 o entendimento, dentro do governo, de que \u00e9 imposs\u00edvel que um funcion\u00e1rio p\u00fablico ganhe, em m\u00e9dia, 90% acima de um trabalhador da iniciativa privada exercendo as mesmas fun\u00e7\u00f5es.<\/h2>\n<p>&nbsp;<\/p>\n<p>Esse detalhamento, no entanto, n\u00e3o ser\u00e1 explicitado num primeiro momento, para n\u00e3o motivar embates maiores do que o esperado no Congresso. &#8220;Tudo ser\u00e1 feito em etapas. Sabemos que os servidores j\u00e1 se prepararam para tentar tudo o que puderem no Legislativo a fim de barrarem a reforma&#8221;, afirma um t\u00e9cnico da equipe econ\u00f4mica.<\/p>\n<p>&nbsp;<\/p>\n<p>Hoje, a diferen\u00e7a salarial entre quem est\u00e1 no in\u00edcio e quem est\u00e1 no final de carreira \u00e9 de cerca de 10%. &#8220;Isso inviabilizar um sistema de promo\u00e7\u00f5es justo no servi\u00e7o p\u00fablico. Queremos uma progress\u00e3o das carreiras, de forma que apenas quem realmente mere\u00e7a v\u00e1 galgando postos melhores&#8221;, acrescenta o mesmo t\u00e9cnico.<\/p>\n<p>&nbsp;<\/p>\n<p>O Minist\u00e9rio da Economia garante que tudo ser\u00e1 feito de forma clara, para que haja um sistema de sal\u00e1rio mais justo. Ser\u00e3o formados comit\u00eas para definir as melhores regras a serem seguidas. Tamb\u00e9m haver\u00e1 brechas para cortes de sal\u00e1rios em caso de problemas fiscais. O governo, no entanto, sabe que esse ser\u00e1 um dos pontos de maior embate no Congresso.<\/p>\n<p>&nbsp;<\/p>\n<p>Entre os t\u00e9cnicos da equipe econ\u00f4mica, a confian\u00e7a \u00e9 grande em rela\u00e7\u00e3o ao avan\u00e7o da reforma administrativa. Para eles, uma das principais barreiras foi superada: o presidente Jair Bolsonaro, que havia mandado engavetar as propostas, o que pesou para a sa\u00edda de Paulo Uebel do Minist\u00e9rio da Economia.<\/p>\n<p>&nbsp;<\/p>\n<p>&#8220;O debate no Congresso ser\u00e1 duro. Mas, depois da reforma da Previd\u00eancia, h\u00e1 um amadurecimento da sociedade para que temas como o ajuste na administra\u00e7\u00e3o p\u00fablica, que custa caro e \u00e9 ineficiente, v\u00e1 adiante&#8221;, destaca outro t\u00e9cnico.<\/p>\n<p>&nbsp;<\/p>\n<p><em>Bras\u00edlia, 14h59min<\/em><\/p>\n","protected":false},"excerpt":{"rendered":"<p>A reforma administrativa, cujas linhas gerais ser\u00e3o encaminhadas nesta quinta-feira (03\/09) ao Congresso, vai reduzir \u2014 e muito \u2014 os sal\u00e1rios iniciais de futuros servidores. H\u00e1 o entendimento, dentro do governo, de que \u00e9 imposs\u00edvel que um funcion\u00e1rio p\u00fablico ganhe, em m\u00e9dia, 90% acima de um trabalhador da iniciativa privada exercendo as mesmas fun\u00e7\u00f5es. &nbsp; [&hellip;]<\/p>\n","protected":false},"author":22,"featured_media":10223,"comment_status":"open","ping_status":"closed","sticky":false,"template":"","format":"standard","meta":{"wpb_read_more":[],"footnotes":""},"categories":[600],"tags":[],"class_list":["post-15595","post","type-post","status-publish","format-standard","has-post-thumbnail","hentry","category-economia"],"_links":{"self":[{"href":"https:\/\/blogs2.correiobraziliense.com.br\/vicente\/wp-json\/wp\/v2\/posts\/15595","targetHints":{"allow":["GET"]}}],"collection":[{"href":"https:\/\/blogs2.correiobraziliense.com.br\/vicente\/wp-json\/wp\/v2\/posts"}],"about":[{"href":"https:\/\/blogs2.correiobraziliense.com.br\/vicente\/wp-json\/wp\/v2\/types\/post"}],"author":[{"embeddable":true,"href":"https:\/\/blogs2.correiobraziliense.com.br\/vicente\/wp-json\/wp\/v2\/users\/22"}],"replies":[{"embeddable":true,"href":"https:\/\/blogs2.correiobraziliense.com.br\/vicente\/wp-json\/wp\/v2\/comments?post=15595"}],"version-history":[{"count":1,"href":"https:\/\/blogs2.correiobraziliense.com.br\/vicente\/wp-json\/wp\/v2\/posts\/15595\/revisions"}],"predecessor-version":[{"id":15596,"href":"https:\/\/blogs2.correiobraziliense.com.br\/vicente\/wp-json\/wp\/v2\/posts\/15595\/revisions\/15596"}],"wp:featuredmedia":[{"embeddable":true,"href":"https:\/\/blogs2.correiobraziliense.com.br\/vicente\/wp-json\/wp\/v2\/media\/10223"}],"wp:attachment":[{"href":"https:\/\/blogs2.correiobraziliense.com.br\/vicente\/wp-json\/wp\/v2\/media?parent=15595"}],"wp:term":[{"taxonomy":"category","embeddable":true,"href":"https:\/\/blogs2.correiobraziliense.com.br\/vicente\/wp-json\/wp\/v2\/categories?post=15595"},{"taxonomy":"post_tag","embeddable":true,"href":"https:\/\/blogs2.correiobraziliense.com.br\/vicente\/wp-json\/wp\/v2\/tags?post=15595"}],"curies":[{"name":"wp","href":"https:\/\/api.w.org\/{rel}","templated":true}]}}