{"id":15598,"date":"2020-09-02T15:23:07","date_gmt":"2020-09-02T18:23:07","guid":{"rendered":"https:\/\/blogs2.correiobraziliense.com.br\/vicente\/?p=15598"},"modified":"2020-09-02T18:48:19","modified_gmt":"2020-09-02T21:48:19","slug":"parte-dos-futuros-servidores-ficara-sem-estabilidade-com-a-reforma-administrativa","status":"publish","type":"post","link":"https:\/\/blogs2.correiobraziliense.com.br\/vicente\/parte-dos-futuros-servidores-ficara-sem-estabilidade-com-a-reforma-administrativa\/","title":{"rendered":"Parte dos futuros servidores ficar\u00e1 sem estabilidade com a reforma administrativa"},"content":{"rendered":"<h2>O presidente Jair Bolsonaro j\u00e1 deu o aval para a proposta de reforma administrativa que ser\u00e1 encaminhada ao Congresso nesta quinta-feira (03\/09), mas manteve a garantia de que os atuais servidores n\u00e3o perder\u00e3o a estabilidade se o projeto for aprovado por deputados e senadores.<\/h2>\n<p>&nbsp;<\/p>\n<p>De qualquer forma, as regras para estabilidade ficar\u00e3o mais flex\u00edveis e seguir\u00e3o tr\u00eas n\u00edveis. No caso das carreiras de Estado, como auditores fiscais, diplomatas, funcion\u00e1rios do Banco Central e da Comiss\u00e3o de Valores Mobili\u00e1rios (CVM), al\u00e9m de militares, continuar\u00e1 tudo como \u00e9 hoje.<\/p>\n<p>&nbsp;<\/p>\n<p>Os demais servidores, sobretudo os que fazem parte do carreir\u00e3o, que representam quase 80% da m\u00e3o de obra empregada pelo governo federal, continuar\u00e3o com contratos por tempo indeterminado, mas poder\u00e3o ser demitidos por alguns requisitos, entre eles, dificuldades de caixa do Tesouro Nacional.<\/p>\n<p>&nbsp;<\/p>\n<p>Nesses casos, por\u00e9m, antes de partir para a demiss\u00e3o, haver\u00e1 a possibilidade de remanejamento de pessoal para \u00e1reas carentes de funcion\u00e1rios \u2014 j\u00e1 h\u00e1 um processo piloto nesse sentido sendo executado pelo Minist\u00e9rio a Economia. Tudo vai depender das circunst\u00e2ncias.<\/p>\n<p>&nbsp;<\/p>\n<p>Outro grupo, de servidores contratados por prazo determinado, poder\u00e1 ter os v\u00ednculos rompidos a qualquer momento, se houver entendimento de que as demandas pontuais j\u00e1 n\u00e3o requerem tanta gente. O Minist\u00e9rio da Economia acredita que esse ser\u00e1 o principal caminho para a contrata\u00e7\u00e3o de servidores, pois evitar\u00e1 passivos que podem durar at\u00e9 60 anos, com a aposentadoria.<\/p>\n<p>&nbsp;<\/p>\n<p>Tudo, no entanto, ser\u00e1 avaliado pelo Congresso e nenhuma dessas medidas integrar\u00e1, assim como o <a href=\"https:\/\/blogs2.correiobraziliense.com.br\/vicente\/com-reforma-administrativa-servidores-serao-agrupados-em-no-maximo-30-carreiras\/\">agrupamento de carreiras<\/a>, a Proposta de Emenda \u00e0 Constitui\u00e7\u00e3o (PEC) que ser\u00e1 entregue ao Congresso.<\/p>\n<p>&nbsp;<\/p>\n<p>A maior parte dos projetos para regulamentar pontos espec\u00edficos da reforma administrativa, como <a href=\"https:\/\/blogs2.correiobraziliense.com.br\/vicente\/salarios-de-futuros-servidores-serao-equiparados-aos-da-iniciativa-privada\/\">sal\u00e1rios menores<\/a> para futuros servidores, ser\u00e1 enviada ap\u00f3s a aprova\u00e7\u00e3o da PEC pelo Legislativo. Segundo um t\u00e9cnico da equipe econ\u00f4mica, os textos que n\u00e3o dependem de mudan\u00e7a na Constitui\u00e7\u00e3o podem ser apresentados durante a tramita\u00e7\u00e3o da proposta de emenda.<\/p>\n<p>&nbsp;<\/p>\n<p><em>Bras\u00edlia, 15h23min<\/em><\/p>\n","protected":false},"excerpt":{"rendered":"<p>O presidente Jair Bolsonaro j\u00e1 deu o aval para a proposta de reforma administrativa que ser\u00e1 encaminhada ao Congresso nesta quinta-feira (03\/09), mas manteve a garantia de que os atuais servidores n\u00e3o perder\u00e3o a estabilidade se o projeto for aprovado por deputados e senadores. &nbsp; De qualquer forma, as regras para estabilidade ficar\u00e3o mais flex\u00edveis [&hellip;]<\/p>\n","protected":false},"author":22,"featured_media":15234,"comment_status":"open","ping_status":"closed","sticky":false,"template":"","format":"standard","meta":{"wpb_read_more":[],"footnotes":""},"categories":[600],"tags":[],"class_list":["post-15598","post","type-post","status-publish","format-standard","has-post-thumbnail","hentry","category-economia"],"_links":{"self":[{"href":"https:\/\/blogs2.correiobraziliense.com.br\/vicente\/wp-json\/wp\/v2\/posts\/15598","targetHints":{"allow":["GET"]}}],"collection":[{"href":"https:\/\/blogs2.correiobraziliense.com.br\/vicente\/wp-json\/wp\/v2\/posts"}],"about":[{"href":"https:\/\/blogs2.correiobraziliense.com.br\/vicente\/wp-json\/wp\/v2\/types\/post"}],"author":[{"embeddable":true,"href":"https:\/\/blogs2.correiobraziliense.com.br\/vicente\/wp-json\/wp\/v2\/users\/22"}],"replies":[{"embeddable":true,"href":"https:\/\/blogs2.correiobraziliense.com.br\/vicente\/wp-json\/wp\/v2\/comments?post=15598"}],"version-history":[{"count":1,"href":"https:\/\/blogs2.correiobraziliense.com.br\/vicente\/wp-json\/wp\/v2\/posts\/15598\/revisions"}],"predecessor-version":[{"id":15599,"href":"https:\/\/blogs2.correiobraziliense.com.br\/vicente\/wp-json\/wp\/v2\/posts\/15598\/revisions\/15599"}],"wp:featuredmedia":[{"embeddable":true,"href":"https:\/\/blogs2.correiobraziliense.com.br\/vicente\/wp-json\/wp\/v2\/media\/15234"}],"wp:attachment":[{"href":"https:\/\/blogs2.correiobraziliense.com.br\/vicente\/wp-json\/wp\/v2\/media?parent=15598"}],"wp:term":[{"taxonomy":"category","embeddable":true,"href":"https:\/\/blogs2.correiobraziliense.com.br\/vicente\/wp-json\/wp\/v2\/categories?post=15598"},{"taxonomy":"post_tag","embeddable":true,"href":"https:\/\/blogs2.correiobraziliense.com.br\/vicente\/wp-json\/wp\/v2\/tags?post=15598"}],"curies":[{"name":"wp","href":"https:\/\/api.w.org\/{rel}","templated":true}]}}