{"id":15600,"date":"2020-09-02T16:51:17","date_gmt":"2020-09-02T19:51:17","guid":{"rendered":"https:\/\/blogs2.correiobraziliense.com.br\/vicente\/?p=15600"},"modified":"2020-09-02T19:12:20","modified_gmt":"2020-09-02T22:12:20","slug":"bolsonaro-mantem-possibilidade-de-servidores-disputarem-eleicoes","status":"publish","type":"post","link":"https:\/\/blogs2.correiobraziliense.com.br\/vicente\/bolsonaro-mantem-possibilidade-de-servidores-disputarem-eleicoes\/","title":{"rendered":"Bolsonaro mant\u00e9m possibilidade de servidores disputarem elei\u00e7\u00f5es"},"content":{"rendered":"<h2>Apesar de toda a press\u00e3o do Minist\u00e9rio da Economia, que quer despolitizar ao m\u00e1ximo a administra\u00e7\u00e3o p\u00fablica, o presidente Jair Bolsonaro manteve a possibilidade de os servidores se candidatarem a cargos eletivos. Esse ponto est\u00e1 mantido no projeto da reforma administrativa que ser\u00e1 encaminhada nesta quinta-feira (03\/09) ao Congresso.<\/h2>\n<p>&nbsp;<\/p>\n<p>Bolsonaro seguiu a recomenda\u00e7\u00e3o de deputados e senadores, que n\u00e3o veem motivo para que servidores p\u00fablicos sejam proibidos de disputar elei\u00e7\u00f5es. A bancada de servidores, por sinal, aumentou muito em 2018 tanto na C\u00e2mara quanto no Senado, devido \u00e0 onda que favoreceu candidatos oriundos de \u00e1reas militares e de seguran\u00e7a.<\/p>\n<p>&nbsp;<\/p>\n<p>Na proposta original que chegou ao Pal\u00e1cio do Planalto, o Minist\u00e9rio da Economia havia sugerido o veto \u00e0 possibilidade de candidaturas de servidores. Mas, quando esse assunto foi levado a parlamentares, a rea\u00e7\u00e3o foi enorme. A gritaria acabou convencendo Bolsonaro a contrariar a equipe de Paulo Guedes.<\/p>\n<p>&nbsp;<\/p>\n<p>O presidente s\u00f3 est\u00e1 encaminhando a projeto de reforma administrativa ao Congresso para dar uma demonstra\u00e7\u00e3o de for\u00e7a ao ministro Paulo Guedes, cuja sa\u00edda do governo \u00e9 vista como poss\u00edvel por parte dos investidores. Essa ela v\u00ea Guedes enfraquecido.<\/p>\n<p>&nbsp;<\/p>\n<p>Portanto, quanto menos briga comprar com o Congresso e com os servidores, melhor para Bolsonaro. Ele recomendou que a <a href=\"https:\/\/blogs2.correiobraziliense.com.br\/vicente\/parte-dos-futuros-servidores-ficara-sem-estabilidade-com-a-reforma-administrativa\/\">estabilidade<\/a> seja mantida para os servidores atuais, mas admitiu que, no caso dos futuros contratados pelo setor p\u00fablico, esse ponto seja mais flex\u00edvel.<\/p>\n<p>&nbsp;<\/p>\n<p>A reforma administrativa tamb\u00e9m tratar\u00e1, durante a discuss\u00e3o da Proposta de Emenda \u00e0 Constitui\u00e7\u00e3o (PEC), que seguir\u00e1 nesta quinta ao Congresso, da redu\u00e7\u00e3o do <a href=\"https:\/\/blogs2.correiobraziliense.com.br\/vicente\/com-reforma-administrativa-servidores-serao-agrupados-em-no-maximo-30-carreiras\/\">n\u00famero de carreiras<\/a> no setor p\u00fablicos e da redu\u00e7\u00e3o de <a href=\"https:\/\/blogs2.correiobraziliense.com.br\/vicente\/salarios-de-futuros-servidores-serao-equiparados-aos-da-iniciativa-privada\/\">sal\u00e1rios para entrada no governo<\/a>. O Pal\u00e1cio do Planalto prev\u00ea um longo debate no Legislativo.<\/p>\n<p>&nbsp;<\/p>\n<p><em>Bras\u00edlia, 16h51min<\/em><\/p>\n","protected":false},"excerpt":{"rendered":"<p>Apesar de toda a press\u00e3o do Minist\u00e9rio da Economia, que quer despolitizar ao m\u00e1ximo a administra\u00e7\u00e3o p\u00fablica, o presidente Jair Bolsonaro manteve a possibilidade de os servidores se candidatarem a cargos eletivos. Esse ponto est\u00e1 mantido no projeto da reforma administrativa que ser\u00e1 encaminhada nesta quinta-feira (03\/09) ao Congresso. &nbsp; Bolsonaro seguiu a recomenda\u00e7\u00e3o de [&hellip;]<\/p>\n","protected":false},"author":22,"featured_media":13776,"comment_status":"open","ping_status":"closed","sticky":false,"template":"","format":"standard","meta":{"wpb_read_more":[],"footnotes":""},"categories":[600],"tags":[],"class_list":["post-15600","post","type-post","status-publish","format-standard","has-post-thumbnail","hentry","category-economia"],"_links":{"self":[{"href":"https:\/\/blogs2.correiobraziliense.com.br\/vicente\/wp-json\/wp\/v2\/posts\/15600","targetHints":{"allow":["GET"]}}],"collection":[{"href":"https:\/\/blogs2.correiobraziliense.com.br\/vicente\/wp-json\/wp\/v2\/posts"}],"about":[{"href":"https:\/\/blogs2.correiobraziliense.com.br\/vicente\/wp-json\/wp\/v2\/types\/post"}],"author":[{"embeddable":true,"href":"https:\/\/blogs2.correiobraziliense.com.br\/vicente\/wp-json\/wp\/v2\/users\/22"}],"replies":[{"embeddable":true,"href":"https:\/\/blogs2.correiobraziliense.com.br\/vicente\/wp-json\/wp\/v2\/comments?post=15600"}],"version-history":[{"count":1,"href":"https:\/\/blogs2.correiobraziliense.com.br\/vicente\/wp-json\/wp\/v2\/posts\/15600\/revisions"}],"predecessor-version":[{"id":15601,"href":"https:\/\/blogs2.correiobraziliense.com.br\/vicente\/wp-json\/wp\/v2\/posts\/15600\/revisions\/15601"}],"wp:featuredmedia":[{"embeddable":true,"href":"https:\/\/blogs2.correiobraziliense.com.br\/vicente\/wp-json\/wp\/v2\/media\/13776"}],"wp:attachment":[{"href":"https:\/\/blogs2.correiobraziliense.com.br\/vicente\/wp-json\/wp\/v2\/media?parent=15600"}],"wp:term":[{"taxonomy":"category","embeddable":true,"href":"https:\/\/blogs2.correiobraziliense.com.br\/vicente\/wp-json\/wp\/v2\/categories?post=15600"},{"taxonomy":"post_tag","embeddable":true,"href":"https:\/\/blogs2.correiobraziliense.com.br\/vicente\/wp-json\/wp\/v2\/tags?post=15600"}],"curies":[{"name":"wp","href":"https:\/\/api.w.org\/{rel}","templated":true}]}}