{"id":1561,"date":"2016-06-22T01:50:24","date_gmt":"2016-06-22T04:50:24","guid":{"rendered":"https:\/\/blogs2.correiobraziliense.com.br\/vicente\/?p=1561"},"modified":"2016-06-22T00:27:53","modified_gmt":"2016-06-22T03:27:53","slug":"comercio-mais-confiante","status":"publish","type":"post","link":"https:\/\/blogs2.correiobraziliense.com.br\/vicente\/comercio-mais-confiante\/","title":{"rendered":"Com\u00e9rcio mais confiante"},"content":{"rendered":"<p>\u00bb O \u00cdndice de Confian\u00e7a do Empres\u00e1rio do Com\u00e9rcio (Icec), medido pela Confedera\u00e7\u00e3o Nacional do Com\u00e9rcio, atingiu 82,3 pontos em junho, aumento de 2,1% ante o m\u00eas anterior, com ajuste sazonal. \u00c9 o maior resultado dos \u00faltimos 11 meses. Na compara\u00e7\u00e3o anual, por\u00e9m, o indicador apresentou recuo de 4,8% e se mant\u00e9m abaixo da zona de indiferen\u00e7a, de 100 pontos.<\/p>\n<p>&nbsp;<\/p>\n<p><b>Recupera\u00e7\u00e3o ser\u00e1 lenta<\/b><\/p>\n<p>&nbsp;<\/p>\n<p>\u00bb \u201cA confian\u00e7a dos empres\u00e1rios tem evolu\u00eddo positivamente. Contudo, no curto prazo, ainda seguem ausentes fatores que indiquem a retomada do desempenho positivo no varejo. A demanda ainda se mant\u00e9m muito baixa, em fun\u00e7\u00e3o da deteriora\u00e7\u00e3o do mercado de trabalho e do encarecimento do cr\u00e9dito\u201d, avalia Izis Ferreira, economista da CNC.<\/p>\n","protected":false},"excerpt":{"rendered":"<p>\u00bb O \u00cdndice de Confian\u00e7a do Empres\u00e1rio do Com\u00e9rcio (Icec), medido pela Confedera\u00e7\u00e3o Nacional do Com\u00e9rcio, atingiu 82,3 pontos em junho, aumento de 2,1% ante o m\u00eas anterior, com ajuste sazonal. \u00c9 o maior resultado dos \u00faltimos 11 meses. Na compara\u00e7\u00e3o anual, por\u00e9m, o indicador apresentou recuo de 4,8% e se mant\u00e9m abaixo da zona [&hellip;]<\/p>\n","protected":false},"author":22,"featured_media":0,"comment_status":"open","ping_status":"closed","sticky":false,"template":"","format":"standard","meta":{"wpb_read_more":[],"footnotes":""},"categories":[1],"tags":[28,334,335,337,71,336],"class_list":["post-1561","post","type-post","status-publish","format-standard","hentry","category-sem-categoria","tag-cnc","tag-comercio","tag-confianca","tag-credito-caro","tag-desemprego","tag-melhora"],"_links":{"self":[{"href":"https:\/\/blogs2.correiobraziliense.com.br\/vicente\/wp-json\/wp\/v2\/posts\/1561","targetHints":{"allow":["GET"]}}],"collection":[{"href":"https:\/\/blogs2.correiobraziliense.com.br\/vicente\/wp-json\/wp\/v2\/posts"}],"about":[{"href":"https:\/\/blogs2.correiobraziliense.com.br\/vicente\/wp-json\/wp\/v2\/types\/post"}],"author":[{"embeddable":true,"href":"https:\/\/blogs2.correiobraziliense.com.br\/vicente\/wp-json\/wp\/v2\/users\/22"}],"replies":[{"embeddable":true,"href":"https:\/\/blogs2.correiobraziliense.com.br\/vicente\/wp-json\/wp\/v2\/comments?post=1561"}],"version-history":[{"count":1,"href":"https:\/\/blogs2.correiobraziliense.com.br\/vicente\/wp-json\/wp\/v2\/posts\/1561\/revisions"}],"predecessor-version":[{"id":1562,"href":"https:\/\/blogs2.correiobraziliense.com.br\/vicente\/wp-json\/wp\/v2\/posts\/1561\/revisions\/1562"}],"wp:attachment":[{"href":"https:\/\/blogs2.correiobraziliense.com.br\/vicente\/wp-json\/wp\/v2\/media?parent=1561"}],"wp:term":[{"taxonomy":"category","embeddable":true,"href":"https:\/\/blogs2.correiobraziliense.com.br\/vicente\/wp-json\/wp\/v2\/categories?post=1561"},{"taxonomy":"post_tag","embeddable":true,"href":"https:\/\/blogs2.correiobraziliense.com.br\/vicente\/wp-json\/wp\/v2\/tags?post=1561"}],"curies":[{"name":"wp","href":"https:\/\/api.w.org\/{rel}","templated":true}]}}