{"id":15616,"date":"2020-09-03T15:13:35","date_gmt":"2020-09-03T18:13:35","guid":{"rendered":"https:\/\/blogs2.correiobraziliense.com.br\/vicente\/?p=15616"},"modified":"2020-09-03T20:56:34","modified_gmt":"2020-09-03T23:56:34","slug":"reforma-protege-os-sangue-azul-do-funcionalismo-publico","status":"publish","type":"post","link":"https:\/\/blogs2.correiobraziliense.com.br\/vicente\/reforma-protege-os-sangue-azul-do-funcionalismo-publico\/","title":{"rendered":"Reforma protege os &#8220;sangue azul&#8221; do funcionalismo p\u00fablico"},"content":{"rendered":"<h2>A express\u00e3o &#8220;sangue azul&#8221;, muito usada no governo de Dilma Rousseff para se referir \u00e0 elite do funcionalismo, est\u00e1 mais viva do que nunca na administra\u00e7\u00e3o de Jair Bolsonaro. A proposta de reforma administrativa encaminhada nesta quinta-feira (03\/09) ao Congresso mant\u00e9m privil\u00e9gios para as chamadas carreiras de Estado.<\/h2>\n<p>&nbsp;<\/p>\n<p>Pelo projeto, os &#8220;sangue azul&#8221; est\u00e3o blindados do corte de sal\u00e1rios e de jornada e ter\u00e3o a estabilidade intocada, inclusive em futuros concursos. A lista inclui auditores fiscais, policiais federais, funcion\u00e1rios do Banco Central e da Comiss\u00e3o de Valores Mobili\u00e1rios (CVM), advogados da Uni\u00e3o e diplomatas. A lista oficial ainda n\u00e3o foi divulgada.<\/p>\n<p>&nbsp;<\/p>\n<p>Segundo o Minist\u00e9rio da Economia, \u201ca veda\u00e7\u00e3o da redu\u00e7\u00e3o de remunera\u00e7\u00e3o e jornada para os cargos t\u00edpicos de Estado est\u00e1 mantida na proposta\u201d. Antes mesmo de o minist\u00e9rio refor\u00e7ar isso, o Pal\u00e1cio do Planalto j\u00e1 havia informado representantes dos &#8220;sangue azul&#8221; que eles seriam preservados na reforma.<\/p>\n<p>&nbsp;<\/p>\n<p>N\u00e3o custa lembrar:\u00a0 ju\u00edzes, desembargadores, membros do Minist\u00e9rio P\u00fablico, militares e parlamentares sequer foram pegos pela proposta de reforma.<\/p>\n<p>&nbsp;<\/p>\n<p><strong>Carreir\u00e3o ser\u00e1 o mais afetado pela reforma<\/strong><\/p>\n<p>&nbsp;<\/p>\n<p>A reforma atingir\u00e1, sobretudo, o chamado carreir\u00e3o, que representa 80% dos servidores federais. S\u00e3o, principalmente, professores e funcion\u00e1rios da sa\u00fade. Eles, no entanto, t\u00eam pouca representatividade no Congresso. Portanto, o lobby \u00e9 fraco.<\/p>\n<p>&nbsp;<\/p>\n<p>No Pal\u00e1cio do Planalto, a justificativa \u00e9 de que o governo precisa proteger as carreiras de Estado, que s\u00e3o estrat\u00e9gicas para o pa\u00eds. Na Esplanada dos Minist\u00e9rios, por\u00e9m, o pensamento \u00e9 o de que o governo deveria priorizar justamente profissionais da sa\u00fade e da educa\u00e7\u00e3o.<\/p>\n<p>&nbsp;<\/p>\n<p>A prote\u00e7\u00e3o dos &#8220;sangue azul&#8221; foi uma das exig\u00eancias do presidente Bolsonaro. Ele n\u00e3o quer problemas com as carreiras ligadas \u00e0s \u00e1reas de seguran\u00e7a, que se encaixam, em sua maioria, entre os cargos t\u00edpicos de Estado.<\/p>\n<p>&nbsp;<\/p>\n<p>Al\u00e9m do apoio do Planalto, os &#8220;sangue azul&#8221; t\u00eam forte representatividade no Congresso. S\u00e3o eles que bancam todo o trabalho feito nos bastidores junto a parlamentares para barrar ou fazer andar projetos de interesse deles.<\/p>\n<p>&nbsp;<\/p>\n<p><em>Bras\u00edlia, 15h13min<\/em><\/p>\n","protected":false},"excerpt":{"rendered":"<p>A express\u00e3o &#8220;sangue azul&#8221;, muito usada no governo de Dilma Rousseff para se referir \u00e0 elite do funcionalismo, est\u00e1 mais viva do que nunca na administra\u00e7\u00e3o de Jair Bolsonaro. A proposta de reforma administrativa encaminhada nesta quinta-feira (03\/09) ao Congresso mant\u00e9m privil\u00e9gios para as chamadas carreiras de Estado. &nbsp; Pelo projeto, os &#8220;sangue azul&#8221; est\u00e3o [&hellip;]<\/p>\n","protected":false},"author":22,"featured_media":13463,"comment_status":"open","ping_status":"closed","sticky":false,"template":"","format":"standard","meta":{"wpb_read_more":[],"footnotes":""},"categories":[600],"tags":[4245,2554,4889,3284,4163,546,4890,614,122,4888,123],"class_list":["post-15616","post","type-post","status-publish","format-standard","has-post-thumbnail","hentry","category-economia","tag-administrativa","tag-bolsonaro","tag-carreirao","tag-elite","tag-estabilidade","tag-funcionalismo","tag-jornadas","tag-reforma","tag-salarios","tag-sangue-azul","tag-servidores"],"_links":{"self":[{"href":"https:\/\/blogs2.correiobraziliense.com.br\/vicente\/wp-json\/wp\/v2\/posts\/15616","targetHints":{"allow":["GET"]}}],"collection":[{"href":"https:\/\/blogs2.correiobraziliense.com.br\/vicente\/wp-json\/wp\/v2\/posts"}],"about":[{"href":"https:\/\/blogs2.correiobraziliense.com.br\/vicente\/wp-json\/wp\/v2\/types\/post"}],"author":[{"embeddable":true,"href":"https:\/\/blogs2.correiobraziliense.com.br\/vicente\/wp-json\/wp\/v2\/users\/22"}],"replies":[{"embeddable":true,"href":"https:\/\/blogs2.correiobraziliense.com.br\/vicente\/wp-json\/wp\/v2\/comments?post=15616"}],"version-history":[{"count":2,"href":"https:\/\/blogs2.correiobraziliense.com.br\/vicente\/wp-json\/wp\/v2\/posts\/15616\/revisions"}],"predecessor-version":[{"id":15622,"href":"https:\/\/blogs2.correiobraziliense.com.br\/vicente\/wp-json\/wp\/v2\/posts\/15616\/revisions\/15622"}],"wp:featuredmedia":[{"embeddable":true,"href":"https:\/\/blogs2.correiobraziliense.com.br\/vicente\/wp-json\/wp\/v2\/media\/13463"}],"wp:attachment":[{"href":"https:\/\/blogs2.correiobraziliense.com.br\/vicente\/wp-json\/wp\/v2\/media?parent=15616"}],"wp:term":[{"taxonomy":"category","embeddable":true,"href":"https:\/\/blogs2.correiobraziliense.com.br\/vicente\/wp-json\/wp\/v2\/categories?post=15616"},{"taxonomy":"post_tag","embeddable":true,"href":"https:\/\/blogs2.correiobraziliense.com.br\/vicente\/wp-json\/wp\/v2\/tags?post=15616"}],"curies":[{"name":"wp","href":"https:\/\/api.w.org\/{rel}","templated":true}]}}