{"id":15618,"date":"2020-09-03T19:01:41","date_gmt":"2020-09-03T22:01:41","guid":{"rendered":"https:\/\/blogs2.correiobraziliense.com.br\/vicente\/?p=15618"},"modified":"2020-09-03T20:55:30","modified_gmt":"2020-09-03T23:55:30","slug":"considerados-barnabes-professores-e-profissionais-da-saude-devem-ser-os-maiores-prejudicados-pela-reforma-administrativa","status":"publish","type":"post","link":"https:\/\/blogs2.correiobraziliense.com.br\/vicente\/considerados-barnabes-professores-e-profissionais-da-saude-devem-ser-os-maiores-prejudicados-pela-reforma-administrativa\/","title":{"rendered":"Considerados barnab\u00e9s, professores e profissionais da sa\u00fade devem ser os maiores prejudicados pela reforma administrativa"},"content":{"rendered":"<h2>Os futuros professores e profissionais de sa\u00fade que vierem a ingressar no governo ter\u00e3o <a href=\"https:\/\/blogs2.correiobraziliense.com.br\/vicente\/parte-dos-futuros-servidores-ficara-sem-estabilidade-com-a-reforma-administrativa\/\">estabilidade limitada<\/a> e poder\u00e3o ter cortes de sal\u00e1rios e de jornadas se a proposta de reforma administrativa, encaminhada nesta quinta-feira (03\/09) pelo governo ao Congresso, for aprovada. Eles est\u00e3o fora do que o Minist\u00e9rio da Economia classifica como carreiras t\u00edpicas de Estado.<\/h2>\n<p>&nbsp;<\/p>\n<p>N\u00e3o por acaso, esses dois grupos, considerados fundamentais dentro do servi\u00e7os p\u00fablico, prometem fazer barulho no Congresso para tentar garantir o mesmo tratamento dado, por exemplo, a auditores fiscais e a policiais federais. Tamb\u00e9m querem obter apoio da opini\u00e3o p\u00fablica. Vale lembrar que\u00a0 ju\u00edzes, desembargadores, membros do Minist\u00e9rio P\u00fablico, militares e parlamentares sequer foram pegos pela proposta de reforma.<\/p>\n<p>&nbsp;<\/p>\n<p>Pelo acordo fechado entre o presidente <a href=\"https:\/\/www.correiobraziliense.com.br\/economia\/2020\/09\/4873045-pec-da-reforma-administrativa-da-mais-autonomia-para-o-poder-executivo.html\">Jair Bolsonaro<\/a> e o ministro da Economia, Paulo Guedes, professores e profissionais de sa\u00fade entram no grupo chamado de barnab\u00e9s, o grosso do funcionalismo p\u00fablico. Esse grupo tamb\u00e9m \u00e9 conhecido como carreir\u00e3o, que agrega cerca de 80% dos servidores que fazem parte da folha de pagamento da Uni\u00e3o.<\/p>\n<p>&nbsp;<\/p>\n<p><strong>Barnab\u00e9s tiveram reajuste menor de sal\u00e1rio<\/strong><\/p>\n<p>&nbsp;<\/p>\n<p>Os barnab\u00e9s foram tratados de forma diferenciada na \u00faltima negocia\u00e7\u00e3o salarial feita pelo governo. Tiveram 10,8% de aumento, dividido em duas parcelas, em 2016 e 2017. J\u00e1 a elite do funcionalismo, os &#8220;<a href=\"https:\/\/blogs2.correiobraziliense.com.br\/vicente\/reforma-protege-os-sangue-azul-do-funcionalismo-publico\/\">sangue azul<\/a>&#8220;, receberam, na m\u00e9dia, 29% de reajuste, \u00edndice parcelado em quatro vezes.<\/p>\n<p>&nbsp;<\/p>\n<p>Esse tipo de tratamento agravou ainda mais a disparidade salarial na Esplanada dos Minist\u00e9rios. No carreir\u00e3o, o grosso dos servidores ganha em torno de R$ 5 mil por m\u00eas. Na elite do funcionalismo, a m\u00e9dia chega a R$ 20 mil.<\/p>\n<p>&nbsp;<\/p>\n<p>Professores e profissionais de sa\u00fade acreditam que podem conquistar mais garantias durante a discuss\u00e3o da reforma administrativa no Congresso. O governo ainda n\u00e3o informou quais carreiras estar\u00e3o blindadas de cortes de sal\u00e1rios e de jornada e com a estabilidade preservada. Isso deve ocorrer \u00e0 medida que a <a href=\"https:\/\/blogs2.correiobraziliense.com.br\/vicente\/veja-o-que-diz-a-pec-que-muda-as-regras-de-contratacao-de-servidores\/\">Proposta de Emenda \u00e0 Constitui\u00e7\u00e3o<\/a> (PEC) for avan\u00e7ando.<\/p>\n<p>&nbsp;<\/p>\n<p><em>Bras\u00edlia, 19h01min<\/em><\/p>\n","protected":false},"excerpt":{"rendered":"<p>Os futuros professores e profissionais de sa\u00fade que vierem a ingressar no governo ter\u00e3o estabilidade limitada e poder\u00e3o ter cortes de sal\u00e1rios e de jornadas se a proposta de reforma administrativa, encaminhada nesta quinta-feira (03\/09) pelo governo ao Congresso, for aprovada. Eles est\u00e3o fora do que o Minist\u00e9rio da Economia classifica como carreiras t\u00edpicas de [&hellip;]<\/p>\n","protected":false},"author":22,"featured_media":15307,"comment_status":"open","ping_status":"closed","sticky":false,"template":"","format":"standard","meta":{"wpb_read_more":[],"footnotes":""},"categories":[600],"tags":[4892,2554,254,3616,771,4891,1004],"class_list":["post-15618","post","type-post","status-publish","format-standard","has-post-thumbnail","hentry","category-economia","tag-barnabes","tag-bolsonaro","tag-congresso","tag-guedes","tag-professores","tag-profissionais-da-saude","tag-reforma-administrativa"],"_links":{"self":[{"href":"https:\/\/blogs2.correiobraziliense.com.br\/vicente\/wp-json\/wp\/v2\/posts\/15618","targetHints":{"allow":["GET"]}}],"collection":[{"href":"https:\/\/blogs2.correiobraziliense.com.br\/vicente\/wp-json\/wp\/v2\/posts"}],"about":[{"href":"https:\/\/blogs2.correiobraziliense.com.br\/vicente\/wp-json\/wp\/v2\/types\/post"}],"author":[{"embeddable":true,"href":"https:\/\/blogs2.correiobraziliense.com.br\/vicente\/wp-json\/wp\/v2\/users\/22"}],"replies":[{"embeddable":true,"href":"https:\/\/blogs2.correiobraziliense.com.br\/vicente\/wp-json\/wp\/v2\/comments?post=15618"}],"version-history":[{"count":3,"href":"https:\/\/blogs2.correiobraziliense.com.br\/vicente\/wp-json\/wp\/v2\/posts\/15618\/revisions"}],"predecessor-version":[{"id":15621,"href":"https:\/\/blogs2.correiobraziliense.com.br\/vicente\/wp-json\/wp\/v2\/posts\/15618\/revisions\/15621"}],"wp:featuredmedia":[{"embeddable":true,"href":"https:\/\/blogs2.correiobraziliense.com.br\/vicente\/wp-json\/wp\/v2\/media\/15307"}],"wp:attachment":[{"href":"https:\/\/blogs2.correiobraziliense.com.br\/vicente\/wp-json\/wp\/v2\/media?parent=15618"}],"wp:term":[{"taxonomy":"category","embeddable":true,"href":"https:\/\/blogs2.correiobraziliense.com.br\/vicente\/wp-json\/wp\/v2\/categories?post=15618"},{"taxonomy":"post_tag","embeddable":true,"href":"https:\/\/blogs2.correiobraziliense.com.br\/vicente\/wp-json\/wp\/v2\/tags?post=15618"}],"curies":[{"name":"wp","href":"https:\/\/api.w.org\/{rel}","templated":true}]}}