{"id":1563,"date":"2016-06-22T03:28:16","date_gmt":"2016-06-22T06:28:16","guid":{"rendered":"https:\/\/blogs2.correiobraziliense.com.br\/vicente\/?p=1563"},"modified":"2016-06-22T00:29:42","modified_gmt":"2016-06-22T03:29:42","slug":"planalto-em-campo","status":"publish","type":"post","link":"https:\/\/blogs2.correiobraziliense.com.br\/vicente\/planalto-em-campo\/","title":{"rendered":"Planalto em campo"},"content":{"rendered":"<p>\u00bb Gente gra\u00fada do governo saiu a campo para ver a real dimens\u00e3o do pedido de recupera\u00e7\u00e3o judicial da Oi. Teme-se que um calote da operadora arraste outras empresas para o buraco, ampliando o desemprego e pondo mais lenha na fogueira das incertezas de impedem o pa\u00eds de sair da recess\u00e3o.<\/p>\n<p>&nbsp;<\/p>\n<p><b>Torcida por ren\u00fancia<\/b><\/p>\n<p>&nbsp;<\/p>\n<p>\u00bb O Planalto n\u00e3o esconde a preocupa\u00e7\u00e3o com a incapacidade da Ag\u00eancia Nacional de Telecomunica\u00e7\u00f5es (Anatel) de agir neste momento t\u00e3o delicado. O presidente do \u00f3rg\u00e3o regulador, Jo\u00e3o Rezende, \u00e9 considerado fraco demais e despreocupado em rela\u00e7\u00e3o aos consumidores. A torcida do presidente interino, Michel Temer, \u00e9 para que Rezende renuncie.<\/p>\n","protected":false},"excerpt":{"rendered":"<p>\u00bb Gente gra\u00fada do governo saiu a campo para ver a real dimens\u00e3o do pedido de recupera\u00e7\u00e3o judicial da Oi. Teme-se que um calote da operadora arraste outras empresas para o buraco, ampliando o desemprego e pondo mais lenha na fogueira das incertezas de impedem o pa\u00eds de sair da recess\u00e3o. &nbsp; Torcida por ren\u00fancia [&hellip;]<\/p>\n","protected":false},"author":22,"featured_media":0,"comment_status":"open","ping_status":"closed","sticky":false,"template":"","format":"standard","meta":{"wpb_read_more":[],"footnotes":""},"categories":[1],"tags":[],"class_list":["post-1563","post","type-post","status-publish","format-standard","hentry","category-sem-categoria"],"_links":{"self":[{"href":"https:\/\/blogs2.correiobraziliense.com.br\/vicente\/wp-json\/wp\/v2\/posts\/1563","targetHints":{"allow":["GET"]}}],"collection":[{"href":"https:\/\/blogs2.correiobraziliense.com.br\/vicente\/wp-json\/wp\/v2\/posts"}],"about":[{"href":"https:\/\/blogs2.correiobraziliense.com.br\/vicente\/wp-json\/wp\/v2\/types\/post"}],"author":[{"embeddable":true,"href":"https:\/\/blogs2.correiobraziliense.com.br\/vicente\/wp-json\/wp\/v2\/users\/22"}],"replies":[{"embeddable":true,"href":"https:\/\/blogs2.correiobraziliense.com.br\/vicente\/wp-json\/wp\/v2\/comments?post=1563"}],"version-history":[{"count":1,"href":"https:\/\/blogs2.correiobraziliense.com.br\/vicente\/wp-json\/wp\/v2\/posts\/1563\/revisions"}],"predecessor-version":[{"id":1564,"href":"https:\/\/blogs2.correiobraziliense.com.br\/vicente\/wp-json\/wp\/v2\/posts\/1563\/revisions\/1564"}],"wp:attachment":[{"href":"https:\/\/blogs2.correiobraziliense.com.br\/vicente\/wp-json\/wp\/v2\/media?parent=1563"}],"wp:term":[{"taxonomy":"category","embeddable":true,"href":"https:\/\/blogs2.correiobraziliense.com.br\/vicente\/wp-json\/wp\/v2\/categories?post=1563"},{"taxonomy":"post_tag","embeddable":true,"href":"https:\/\/blogs2.correiobraziliense.com.br\/vicente\/wp-json\/wp\/v2\/tags?post=1563"}],"curies":[{"name":"wp","href":"https:\/\/api.w.org\/{rel}","templated":true}]}}