{"id":15676,"date":"2020-09-08T11:23:53","date_gmt":"2020-09-08T14:23:53","guid":{"rendered":"https:\/\/blogs2.correiobraziliense.com.br\/vicente\/?p=15676"},"modified":"2020-09-08T13:55:03","modified_gmt":"2020-09-08T16:55:03","slug":"moodys-mantem-pessimismo-com-pib-brasileiro-devido-aos-riscos-fiscais","status":"publish","type":"post","link":"https:\/\/blogs2.correiobraziliense.com.br\/vicente\/moodys-mantem-pessimismo-com-pib-brasileiro-devido-aos-riscos-fiscais\/","title":{"rendered":"Moody&#8217;s mant\u00e9m pessimismo com PIB brasileiro devido aos riscos fiscais"},"content":{"rendered":"<p>ROSANA HESSEL<\/p>\n<p>&nbsp;<\/p>\n<p><span style=\"font-weight: 400\">A ag\u00eancia de classifica\u00e7\u00e3o de risco Moody\u2019s sinalizou a manuten\u00e7\u00e3o da avalia\u00e7\u00e3o de risco do Brasil em Ba2, com perspectiva est\u00e1vel, mas continua preocupada com a piora nas contas p\u00fablicas neste ano e nos pr\u00f3ximos. Por conta de riscos fiscais elevados, a companhia manteve as previs\u00f5es para o Produto Interno Bruto (PIB) brasileiro mais pessimista se comparada com o mercado e com o governo, conforme relat\u00f3rio divulgado nesta ter\u00e7a-feira (08\/09).<\/span><\/p>\n<p>&nbsp;<\/p>\n<p><span style=\"font-weight: 400\">A Moody\u2019s prev\u00ea queda de 6,2% no PIB brasileiro deste ano. Enquanto isso, as proje\u00e7\u00f5es do governo s\u00e3o de recuo de 4,7% e a mediana das estimativas do mercado para a retra\u00e7\u00e3o do PIB neste ano passou de 5,28% para 5,31%. \u00c9 a primeira piora nas previs\u00f5es computadas pelo Banco Central, ap\u00f3s nove semanas de melhora nas estimativas.<\/span><\/p>\n<p>&nbsp;<\/p>\n<p><span style=\"font-weight: 400\"> Conforme dados do Instituto Brasileiro de Geografia e Estat\u00edstica, o <\/span><span style=\"font-weight: 400\">PIB do segundo trimestre de 2020, registrou contra\u00e7\u00e3o de 9,7% na compara\u00e7\u00e3o com os tr\u00eas meses anteriores, o pior resultado da hist\u00f3ria. E, ap\u00f3s a queda revista do primeiro trimestre de 1,5% para 2,5%, o pa\u00eds confirmou entrar em recess\u00e3o t\u00e9cnica, quando h\u00e1 dois resultados trimestrais negativos.<\/span><\/p>\n<p>&nbsp;<\/p>\n<p><span style=\"font-weight: 400\">A Moody\u2019s condiciona a retomada do crescimento ao controle dos gastos p\u00fablicos. \u201c<\/span><span style=\"font-weight: 400\">A din\u00e2mica pol\u00edtica apresenta alguns riscos \u00e0 consolida\u00e7\u00e3o fiscal e \u00e0s reformas para estimular o crescimento\u201d, afirmou a ag\u00eancia em relat\u00f3rio divulgado hoje.\u00a0<\/span><span style=\"font-weight: 400\">\u201c<\/span><span style=\"font-weight: 400\">A<\/span><span style=\"font-weight: 400\"> contra\u00e7\u00e3o econ\u00f4mica do Brasil (Ba2, est\u00e1vel) parece ter atingido o piso. Uma recupera\u00e7\u00e3o nos indicadores de atividade econ\u00f4mica sugere que a recess\u00e3o ser\u00e1 menos severa que a antecipada por investidores, em linha com nossas proje\u00e7\u00f5es. Ainda assim, o impacto fiscal da pandemia ser\u00e1 maior do que nossas proje\u00e7\u00f5es originais\u201d, informou o documento.\u00a0<\/span><\/p>\n<p>&nbsp;<\/p>\n<p><span style=\"font-weight: 400\">Pelas estimativas da ag\u00eancia, o deficit prim\u00e1rio das contas p\u00fablicas do governo federal dever\u00e1 encerrar o ano em 14,7% do PIB e a d\u00edvida p\u00fablica bruta dever\u00e1 chegar a 95% do PIB, neste ano, e permanecer\u00e1 por volta desse patamar em 2021.\u00a0<\/span>De acordo com o relat\u00f3rio, a piora do resultado prim\u00e1rio \u00e9 o &#8220;ped\u00e1gio econ\u00f4mico&#8221; da pandemia de covid-19.<\/p>\n<p>&nbsp;<\/p>\n<p>&#8220;Embora a economia do Brasil comece a se recuperar do choque do coronav\u00edrus, a queda na produ\u00e7\u00e3o para 2020 como um todo ainda ser\u00e1 grande. Esperamos contra\u00e7\u00e3o de 6,2% seguida por crescimento de 3,6% em 2021. Nossa proje\u00e7\u00e3o mais fraca para 2020 reflete incertezas sobre o ritmo da atividade econ\u00f4mica\u00a0para o resto do ano, dadas as taxas de infec\u00e7\u00e3o persistentemente altas, o que poderia levar a novos fechamentos de empresas&#8221;, destacou a ag\u00eancia.<\/p>\n<p>&nbsp;<\/p>\n<p>Para a companhia, um crescimento mais elevado de forma sustent\u00e1vel depender\u00e1 da capacidade do governo de\u00a0retomar as reformas estruturais, interrompidas pelo in\u00edcio da pandemia.\u00a0<span style=\"font-weight: 400\">\u201cA retomada da consolida\u00e7\u00e3o fiscal, como indica o or\u00e7amento, daria apoio \u00e0 qualidade de cr\u00e9dito do Brasil, embora proposta de amplia\u00e7\u00e3o do gasto social seja um risco de eleva\u00e7\u00e3o de despesas&#8221;, destacou o relat\u00f3rio.<\/span><\/p>\n<p>&nbsp;<\/p>\n<p>Conforme dados do Minist\u00e9rio da Economia divulgados na semana passada, o impacto prim\u00e1rio das medidas adotadas pelo pa\u00eds contra a covid-19 representaram 8,4% do PIB em 2020. A pasta estima que a d\u00edvida p\u00fablica bruta dever\u00e1 representar 94,6% do PIB no fim de 2020, aumento de 18,8 pontos em rela\u00e7\u00e3o aos 75,8% do PIB registrados em dezembro de 2019.<\/p>\n<p>&nbsp;<\/p>\n<p><strong>Teto de gastos<\/strong><\/p>\n<p>&nbsp;<\/p>\n<p><span style=\"font-weight: 400\">No fim de agosto, a Moody\u2019s fez um alerta sobre o teto de gastos e defendeu sua manuten\u00e7\u00e3o da regra constitucional que limita o crescimento das despesas prim\u00e1rias \u00e0 infla\u00e7\u00e3o do ano anterior. <\/span><\/p>\n<p>&nbsp;<\/p>\n<p><span style=\"font-weight: 400\">&#8220;O teto de gastos \u00e9 a principal \u00e2ncora fiscal do Brasil, que vem contribuindo com o posicionamento da trajet\u00f3ria da d\u00edvida do pa\u00eds em um patamar mais sustent\u00e1vel. Abolir o teto sem apresentar outra \u00e2ncora plaus\u00edvel seria um desenvolvimento negativo do ponto de vista do cr\u00e9dito&#8221;, informou a vice-presidente e analista s\u00eanior da Moody\u00b4s, Samar Maziad, em nota divulgada pela ag\u00eancia na \u00e9poca. <\/span><\/p>\n<p>&nbsp;<\/p>\n<p>&nbsp;<\/p>\n","protected":false},"excerpt":{"rendered":"<p>ROSANA HESSEL &nbsp; A ag\u00eancia de classifica\u00e7\u00e3o de risco Moody\u2019s sinalizou a manuten\u00e7\u00e3o da avalia\u00e7\u00e3o de risco do Brasil em Ba2, com perspectiva est\u00e1vel, mas continua preocupada com a piora nas contas p\u00fablicas neste ano e nos pr\u00f3ximos. Por conta de riscos fiscais elevados, a companhia manteve as previs\u00f5es para o Produto Interno Bruto (PIB) [&hellip;]<\/p>\n","protected":false},"author":22,"featured_media":0,"comment_status":"open","ping_status":"closed","sticky":false,"template":"","format":"standard","meta":{"wpb_read_more":[],"footnotes":""},"categories":[600],"tags":[378,804,589,2433,69,2853],"class_list":["post-15676","post","type-post","status-publish","format-standard","hentry","category-economia","tag-brasil","tag-divida-publica","tag-economia","tag-fiscal","tag-moodys","tag-riscos"],"_links":{"self":[{"href":"https:\/\/blogs2.correiobraziliense.com.br\/vicente\/wp-json\/wp\/v2\/posts\/15676","targetHints":{"allow":["GET"]}}],"collection":[{"href":"https:\/\/blogs2.correiobraziliense.com.br\/vicente\/wp-json\/wp\/v2\/posts"}],"about":[{"href":"https:\/\/blogs2.correiobraziliense.com.br\/vicente\/wp-json\/wp\/v2\/types\/post"}],"author":[{"embeddable":true,"href":"https:\/\/blogs2.correiobraziliense.com.br\/vicente\/wp-json\/wp\/v2\/users\/22"}],"replies":[{"embeddable":true,"href":"https:\/\/blogs2.correiobraziliense.com.br\/vicente\/wp-json\/wp\/v2\/comments?post=15676"}],"version-history":[{"count":3,"href":"https:\/\/blogs2.correiobraziliense.com.br\/vicente\/wp-json\/wp\/v2\/posts\/15676\/revisions"}],"predecessor-version":[{"id":15683,"href":"https:\/\/blogs2.correiobraziliense.com.br\/vicente\/wp-json\/wp\/v2\/posts\/15676\/revisions\/15683"}],"wp:attachment":[{"href":"https:\/\/blogs2.correiobraziliense.com.br\/vicente\/wp-json\/wp\/v2\/media?parent=15676"}],"wp:term":[{"taxonomy":"category","embeddable":true,"href":"https:\/\/blogs2.correiobraziliense.com.br\/vicente\/wp-json\/wp\/v2\/categories?post=15676"},{"taxonomy":"post_tag","embeddable":true,"href":"https:\/\/blogs2.correiobraziliense.com.br\/vicente\/wp-json\/wp\/v2\/tags?post=15676"}],"curies":[{"name":"wp","href":"https:\/\/api.w.org\/{rel}","templated":true}]}}