{"id":15679,"date":"2020-09-08T13:53:50","date_gmt":"2020-09-08T16:53:50","guid":{"rendered":"https:\/\/blogs2.correiobraziliense.com.br\/vicente\/?p=15679"},"modified":"2020-09-08T15:46:27","modified_gmt":"2020-09-08T18:46:27","slug":"fitch-revisa-projecao-de-queda-para-o-pib-de-2020-para-58","status":"publish","type":"post","link":"https:\/\/blogs2.correiobraziliense.com.br\/vicente\/fitch-revisa-projecao-de-queda-para-o-pib-de-2020-para-58\/","title":{"rendered":"Fitch revisa proje\u00e7\u00e3o de queda para o PIB de 2020 para 5,8%"},"content":{"rendered":"<p>ROSANA HESSEL<\/p>\n<p>&nbsp;<\/p>\n<p>A\u00a0ag\u00eancia de classifica\u00e7\u00e3o de risco norte-americana Fitch Rating acaba de revisar a previs\u00e3o de queda do Produto Interno Bruto (PIB) do Brasil em 2020, de 7% para 5,8%, devido \u00e0 melhora nos indicadores de alta frequ\u00eancia e aos est\u00edmulos do fiscais do governo durante a pandemia de covid-19.<\/p>\n<p>&nbsp;<\/p>\n<p>&#8220;A revis\u00e3o para cima vem \u00e0 luz\u00a0de dados melhores do que o esperado para o segundo trimestre de 2020 e a expectativa de uma\u00a0reabertura da economia&#8221;, justificou a ag\u00eancia de classifica\u00e7\u00e3o de risco norte-americana em relat\u00f3rio divulgado nesta ter\u00e7a-feira (08\/09). A entidade reduziu de 3,5% para 3,2% a estimativa de crescimento em 2021.<\/p>\n<p>&nbsp;<\/p>\n<p>Enquanto a Fitch melhorou as proje\u00e7\u00f5es para o PIB brasileiro, as estimativas do mercado computadas pelo Banco Central pioraram pela primeira vez ap\u00f3s nove semanas. A mediana das previs\u00f5es do boletim Focus para a queda do PIB de 2020 passou de 5,28% para 5,31%. Logo, a ag\u00eancia ainda est\u00e1 mais pessimista do que o mercado e do que o governo, que prev\u00ea recuo de 4,7% no PIB neste ano.<\/p>\n<p>&nbsp;<\/p>\n<p>Na avalia\u00e7\u00e3o da ag\u00eancia, a\u00a0confian\u00e7a dos consumidores e das empresas est\u00e1 se recuperando, apesar de a situa\u00e7\u00e3o mais dif\u00edcil devido \u00e0 pandemia de covid-19 no Brasil. &#8220;Os dados de alta frequ\u00eancia, como o da recupera\u00e7\u00e3o nas vendas no varejo em junho, sugerem que transfer\u00eancias fiscais para apoiar\u00a0a popula\u00e7\u00e3o vulner\u00e1vel e a reabertura da economia ajudaram a melhorar a demanda interna. Da mesma forma, a produ\u00e7\u00e3o industrial\u00a0cresceu 8,9% em junho na compara\u00e7\u00e3o com o m\u00eas anterior, com destaque para a recupera\u00e7\u00e3o nos indicadores de produ\u00e7\u00e3o&#8221;, destacou a Fitch.<\/p>\n<p>&nbsp;<\/p>\n<p>Contudo, o documento apontou riscos para as proje\u00e7\u00f5es devido \u00e0s incertezas da pol\u00edtica interna, &#8220;especialmente relacionadas \u00e0 pol\u00edtica fiscal&#8221;. &#8220;A Fitch espera recupera\u00e7\u00e3o do crescimento em 2021 devido \u00e0 base favor\u00e1vel com a melhoria das condi\u00e7\u00f5es externas,\u00a0notadamente, em fun\u00e7\u00e3o da recupera\u00e7\u00e3o da economia chinesa. No entanto, a retomada poder\u00e1 ser restrita pela necessidade de ajuste fiscal, pela taxa de desemprego mais elevada e pela prov\u00e1vel persist\u00eancia da incerteza pol\u00edtica\u00a0relacionadas \u00e0s reformas&#8221;, avaliou.<\/p>\n<p>&nbsp;<\/p>\n<p>Pelas estimativas da Fitch, a infla\u00e7\u00e3o segue moderada em 2020, com o \u00cdndice de Pre\u00e7os ao Consumidor (IPCA) atingindo 2,3% em julho, no acumulado em 12 meses, bem abaixo da meta, de 4%. ao ano &#8220;A economia consider\u00e1vel\u00a0contra\u00e7\u00e3o e o hiato do produto negativo frearam as press\u00f5es da infla\u00e7\u00e3o&#8221;, destacou. A ag\u00eancia prev\u00ea que o Comit\u00ea de Pol\u00edtica Monet\u00e1ria (Copom) n\u00e3o dever\u00e1 mais cortar a taxa b\u00e1sica de juros (Selic), atualmente em 2% ao ano, mas devendo voltar a subir os juros a partir de 2021.<\/p>\n","protected":false},"excerpt":{"rendered":"<p>ROSANA HESSEL &nbsp; A\u00a0ag\u00eancia de classifica\u00e7\u00e3o de risco norte-americana Fitch Rating acaba de revisar a previs\u00e3o de queda do Produto Interno Bruto (PIB) do Brasil em 2020, de 7% para 5,8%, devido \u00e0 melhora nos indicadores de alta frequ\u00eancia e aos est\u00edmulos do fiscais do governo durante a pandemia de covid-19. &nbsp; &#8220;A revis\u00e3o para [&hellip;]<\/p>\n","protected":false},"author":22,"featured_media":0,"comment_status":"open","ping_status":"closed","sticky":false,"template":"","format":"standard","meta":{"wpb_read_more":[],"footnotes":""},"categories":[600],"tags":[589,2433,4585,58,2853],"class_list":["post-15679","post","type-post","status-publish","format-standard","hentry","category-economia","tag-economia","tag-fiscal","tag-fitch-ratings","tag-pib","tag-riscos"],"_links":{"self":[{"href":"https:\/\/blogs2.correiobraziliense.com.br\/vicente\/wp-json\/wp\/v2\/posts\/15679","targetHints":{"allow":["GET"]}}],"collection":[{"href":"https:\/\/blogs2.correiobraziliense.com.br\/vicente\/wp-json\/wp\/v2\/posts"}],"about":[{"href":"https:\/\/blogs2.correiobraziliense.com.br\/vicente\/wp-json\/wp\/v2\/types\/post"}],"author":[{"embeddable":true,"href":"https:\/\/blogs2.correiobraziliense.com.br\/vicente\/wp-json\/wp\/v2\/users\/22"}],"replies":[{"embeddable":true,"href":"https:\/\/blogs2.correiobraziliense.com.br\/vicente\/wp-json\/wp\/v2\/comments?post=15679"}],"version-history":[{"count":6,"href":"https:\/\/blogs2.correiobraziliense.com.br\/vicente\/wp-json\/wp\/v2\/posts\/15679\/revisions"}],"predecessor-version":[{"id":15691,"href":"https:\/\/blogs2.correiobraziliense.com.br\/vicente\/wp-json\/wp\/v2\/posts\/15679\/revisions\/15691"}],"wp:attachment":[{"href":"https:\/\/blogs2.correiobraziliense.com.br\/vicente\/wp-json\/wp\/v2\/media?parent=15679"}],"wp:term":[{"taxonomy":"category","embeddable":true,"href":"https:\/\/blogs2.correiobraziliense.com.br\/vicente\/wp-json\/wp\/v2\/categories?post=15679"},{"taxonomy":"post_tag","embeddable":true,"href":"https:\/\/blogs2.correiobraziliense.com.br\/vicente\/wp-json\/wp\/v2\/tags?post=15679"}],"curies":[{"name":"wp","href":"https:\/\/api.w.org\/{rel}","templated":true}]}}