{"id":15685,"date":"2020-09-08T16:11:09","date_gmt":"2020-09-08T19:11:09","guid":{"rendered":"https:\/\/blogs2.correiobraziliense.com.br\/vicente\/?p=15685"},"modified":"2020-09-08T17:21:07","modified_gmt":"2020-09-08T20:21:07","slug":"tendencias-preve-queda-de-267-no-pib-per-capita-em-2020","status":"publish","type":"post","link":"https:\/\/blogs2.correiobraziliense.com.br\/vicente\/tendencias-preve-queda-de-267-no-pib-per-capita-em-2020\/","title":{"rendered":"Tend\u00eancias prev\u00ea queda de 26,7% no PIB per capita em 2020"},"content":{"rendered":"<h2><span style=\"font-weight: 400\">ROSANA HESSEL<\/span><\/h2>\n<h2><\/h2>\n<h2><span style=\"font-weight: 400\">A Tend\u00eancias Consultoria acaba de revisar de 7,3% para 5,6% a expectativa de queda do Produto Interno Bruto (PIB) em 2020, mas essa melhora nos dados n\u00e3o \u00e9 motivo de comemora\u00e7\u00e3o. Pelas estimativas da entidade, haver\u00e1 uma queda muito maior no PIB per capita, nos valores em d\u00f3lares, passando de US$ 8,753 mil, em 2019, para US$ 6,414 mil, neste ano, menor patamar desde 2007. <\/span><\/h2>\n<p>&nbsp;<\/p>\n<p><span style=\"font-weight: 400\">Com isso, o Brasil est\u00e1 ficando cada vez mais pobre em meio \u00e0 recess\u00e3o formada pela covid-19 e pela forte desvaloriza\u00e7\u00e3o do real frente ao d\u00f3lar.\u00a0 &#8220;<\/span><span style=\"font-weight: 400\">O PIB per capita, pelas nossas proje\u00e7\u00f5es estar\u00e1 caindo 26,7% neste ano e sobe muito pouco no ano que vem, passando para US$ 6,615 mil, que ser\u00e1 um incremento na casa de 3%&#8221;, adiantou a economista Alessandra Ribeiro, s\u00f3cia da Tend\u00eancias. <\/span><\/p>\n<p>&nbsp;<\/p>\n<p><span style=\"font-weight: 400\">De acordo com a economista, o PIB per capita estar\u00e1 voltando para os patamares de transi\u00e7\u00e3o entre 2006 e 2007, quando passou de US$ 5,910 mil para US$ 7,371 mil. &#8220;Estamos vendo um retrocesso de 13 a 14 anos&#8221;, lamentou.<\/span><\/p>\n<p>&nbsp;<\/p>\n<p><span style=\"font-weight: 400\">Na \u00faltima proje\u00e7\u00e3o da Tend\u00eancias, considerando queda de 7,3% do PIB, a previs\u00e3o anterior para o PIB per capita era de queda de 8%, em termos reais. Pelos c\u00e1lculos da Funda\u00e7\u00e3o Getulio Vargas (FGV), o real desvalorizou 35% nos \u00faltimos 12 meses encerrados em agosto.<\/span><\/p>\n<p>&nbsp;<\/p>\n<p><strong>Desemprego ainda crescer\u00e1 muito<\/strong><\/p>\n<p>&nbsp;<\/p>\n<p><span style=\"font-weight: 400\">As novas estimativas ocorreram ap\u00f3s a divulga\u00e7\u00e3o do resultado do PIB do segundo trimestre pelo Instituto Brasileiro de Geografia e Estat\u00edstica (IBGE), no in\u00edcio do m\u00eas. O tombo hist\u00f3rico de 9,7%, na compara\u00e7\u00e3o com os tr\u00eas meses anteriores, conformou que o pa\u00eds entrou oficialmente em recess\u00e3o, ap\u00f3s o recuo de 2,5% entre janeiro e mar\u00e7o.<\/span><\/p>\n<p>&nbsp;<\/p>\n<p><span style=\"font-weight: 400\">Conforme os dados da Tend\u00eancias, o pa\u00eds n\u00e3o vai conseguir registrar uma retomada mais r\u00e1pida, pois o desemprego dever\u00e1 crescer bastante no ano que vem, passando de 13,9%, no fim deste ano, para 15,7%, no pr\u00f3ximo. A consultoria, inclusive, reduziu de 3,4% para 2,9% a estimativa de avan\u00e7o do PIB em 2021.<\/span><\/p>\n<p>&nbsp;<\/p>\n<p>Alessandra lembrou que din\u00e2mica do mercado do trabalho vai mostrar muitas pessoas perdendo emprego e renda. Pelas estimativas da consultoria, 3,8 milh\u00f5es de domic\u00edlios devem entrar nas classes D e E no ano que vem.<\/p>\n<p>&nbsp;<\/p>\n<p>Neste ano, considerando o efeito dos aux\u00edlios do governo, a massa de renda habitual do trabalho vai crescer 4,5%, este ano por conta do aumento do para evitar o impacto da recess\u00e3o do governo \u00e0 popula\u00e7\u00e3o mais vulner\u00e1vel dever\u00e1 encolher 2,6% em 2021 devido ao fim do aux\u00edlio emergencial.<\/p>\n<p>&nbsp;<\/p>\n<p>Esse \u00e9 um dos motivos para a nossa revis\u00e3o do PIB para baixo para 2,9%. &#8220;No ano que vem vai ser o reverso da medalha, mesmo considerando uma amplia\u00e7\u00e3o do Bolsa Fam\u00edlia para 17,5 milh\u00f5es de fam\u00edlias e um benef\u00edcio de R$ 300&#8221;, explicou.<\/p>\n<p>&nbsp;<\/p>\n<p>&nbsp;<\/p>\n","protected":false},"excerpt":{"rendered":"<p>ROSANA HESSEL A Tend\u00eancias Consultoria acaba de revisar de 7,3% para 5,6% a expectativa de queda do Produto Interno Bruto (PIB) em 2020, mas essa melhora nos dados n\u00e3o \u00e9 motivo de comemora\u00e7\u00e3o. Pelas estimativas da entidade, haver\u00e1 uma queda muito maior no PIB per capita, nos valores em d\u00f3lares, passando de US$ 8,753 mil, [&hellip;]<\/p>\n","protected":false},"author":22,"featured_media":14076,"comment_status":"open","ping_status":"closed","sticky":false,"template":"","format":"standard","meta":{"wpb_read_more":[],"footnotes":""},"categories":[600],"tags":[589,58,4902,31,713],"class_list":["post-15685","post","type-post","status-publish","format-standard","has-post-thumbnail","hentry","category-economia","tag-economia","tag-pib","tag-pib-per-capita","tag-recessao","tag-tendencias-consultoria"],"_links":{"self":[{"href":"https:\/\/blogs2.correiobraziliense.com.br\/vicente\/wp-json\/wp\/v2\/posts\/15685","targetHints":{"allow":["GET"]}}],"collection":[{"href":"https:\/\/blogs2.correiobraziliense.com.br\/vicente\/wp-json\/wp\/v2\/posts"}],"about":[{"href":"https:\/\/blogs2.correiobraziliense.com.br\/vicente\/wp-json\/wp\/v2\/types\/post"}],"author":[{"embeddable":true,"href":"https:\/\/blogs2.correiobraziliense.com.br\/vicente\/wp-json\/wp\/v2\/users\/22"}],"replies":[{"embeddable":true,"href":"https:\/\/blogs2.correiobraziliense.com.br\/vicente\/wp-json\/wp\/v2\/comments?post=15685"}],"version-history":[{"count":7,"href":"https:\/\/blogs2.correiobraziliense.com.br\/vicente\/wp-json\/wp\/v2\/posts\/15685\/revisions"}],"predecessor-version":[{"id":15699,"href":"https:\/\/blogs2.correiobraziliense.com.br\/vicente\/wp-json\/wp\/v2\/posts\/15685\/revisions\/15699"}],"wp:featuredmedia":[{"embeddable":true,"href":"https:\/\/blogs2.correiobraziliense.com.br\/vicente\/wp-json\/wp\/v2\/media\/14076"}],"wp:attachment":[{"href":"https:\/\/blogs2.correiobraziliense.com.br\/vicente\/wp-json\/wp\/v2\/media?parent=15685"}],"wp:term":[{"taxonomy":"category","embeddable":true,"href":"https:\/\/blogs2.correiobraziliense.com.br\/vicente\/wp-json\/wp\/v2\/categories?post=15685"},{"taxonomy":"post_tag","embeddable":true,"href":"https:\/\/blogs2.correiobraziliense.com.br\/vicente\/wp-json\/wp\/v2\/tags?post=15685"}],"curies":[{"name":"wp","href":"https:\/\/api.w.org\/{rel}","templated":true}]}}