{"id":157,"date":"2015-08-06T08:31:00","date_gmt":"2015-08-06T11:31:00","guid":{"rendered":"https:\/\/blogs2.correiobraziliense.com.br\/vicente\/um_pais_a_deriva\/"},"modified":"2015-08-06T08:31:00","modified_gmt":"2015-08-06T11:31:00","slug":"um_pais_a_deriva","status":"publish","type":"post","link":"https:\/\/blogs2.correiobraziliense.com.br\/vicente\/um_pais_a_deriva\/","title":{"rendered":"UM PA\u00cdS \u00c0 DERIVA"},"content":{"rendered":"\n<p>Os investidores est\u00e3o vendo o Brasil como um pa\u00eds sem rumo. Com a presidente Dilma Rousseff isolada em seus pal\u00e1cios, a sensa\u00e7\u00e3o \u00e9 de que o governo est\u00e1 ac\u00e9falo. N\u00e3o h\u00e1 hoje uma lideran\u00e7a capaz de&nbsp; aglutinar for\u00e7as que possam funcionar como um contraponto \u00e0s loucuras encabe\u00e7adas pelo presidente da C\u00e2mara dos Deputados, Eduardo Cunha, que trabalha pesado pela ruptura institucional. As chances de a economia afundar de vez est\u00e3o cada vez maiores.  <\/p>\n<p>A pergunta que todos est\u00e3o se fazendo \u00e9 se o Brasil aguentar\u00e1 mais tr\u00eas anos e meio mergulhado neste clima de desconfian\u00e7a e incerteza, que combina crise pol\u00edtica com desastre econ\u00f4mico. A cada semana, pioram as expectativas dos formadores de pre\u00e7os. Agora, se fala em queda do Produto Interno Bruto (PIB) entre 3% e 4% neste ano. O pa\u00eds, alegam os especialistas, parou. As f\u00e1bricas est\u00e3o desligando as m\u00e1quinas, demitindo funcion\u00e1rios e restringindo ao m\u00e1ximo os investimentos. As fam\u00edlias cortaram o consumo. Com a infla\u00e7\u00e3o alta, viram a renda cair justamente no momento de elevado endividamento.  <\/p>\n<p>O quadro \u00e9 t\u00e3o dram\u00e1tico que alguns analistas asseguram que pelo menos metade das quase 50 milh\u00f5es de pessoas que migraram para a classe C nos dois governos de Lula poder\u00e1 voltar \u00e0 pobreza se a recess\u00e3o que se anuncia de confirmar \u2014 ser\u00e3o 11 trimestres de retra\u00e7\u00e3o do PIB. A se confirmar tal quadro, ser\u00e1 a maior derrota do PT, partido que se mostrou um antro de corrup\u00e7\u00e3o, preocupado apenas com um longo projeto de poder.  <\/p>\n<p>A \u00fanica chance de a presidente Dilma reverter esse quadro \u00e9 assumir publicamente que errou e que est\u00e1 sendo obrigada a tomar medidas impopulares para arrumar a casa at\u00e9 que o pr\u00f3ximo governante assuma. O que n\u00e3o pode \u00e9 a chefe do Executivo desaparecer, limitar sua agenda p\u00fablica a eventos fechados com medo de ser execrada pela popula\u00e7\u00e3o. J\u00e1 que ela levou o Brasil \u00e0 situa\u00e7\u00e3o atual, que tenha a honradez de pagar pelo que fez, antes que seja tarde demais.  <\/p>\n<p>O Brasil est\u00e1 sendo destru\u00eddo pela desconfian\u00e7a. Nas contas dos especialistas, somente neste ano e em 2016, com a economia crescendo abaixo de seu potencial, o pa\u00eds deixar\u00e1 de amealhar cerca de R$ 350 bilh\u00f5es em riquezas. Desde que Dilma tomou posse, em d\u00f3lar, a renda per capital do pa\u00eds s\u00f3 fez encolher, retra\u00e7\u00e3o que se manter\u00e1 pelo menos at\u00e9 2018. A petista est\u00e1 deixando os brasileiros mais pobres e desiludidos.  <\/p>\n<p>De nada adianta a presidente recorrer a seu vice, Michel Temer, para fazer apelos ao Congresso, e, principalmente, ao partido dele, o PMDB, que isole Eduardo Cunha. N\u00e3o h\u00e1 d\u00favidas de que o presidente da C\u00e2mara, em sua sanha de vingan\u00e7a, est\u00e1 disposto a quebrar o pa\u00eds aprovando uma \u201cpauta-bomba\u201d inaceit\u00e1vel. Mas o problema maior est\u00e1 em Dilma. Ela d\u00e1 mostra de que est\u00e1 perdendo a capacidade de conduzir o Brasil.  <\/p>\n<p><b>Impeachment mais perto<\/b>  <\/p>\n<p>\u00bb Pesquisa realizada pela Nomura Securities, com clientes de todo o mundo, mostra que 19,7% dos entrevistados veem entre 30% e 50% as chances de a presidente Dilma ser afastada do poder. Em mar\u00e7o, somente 1,6% acreditava em tal hip\u00f3tese.  <\/p>\n<p><b>D\u00f3lar a R$ 4 e rebaixamento<\/b>  <\/p>\n<p>\u00bb A mesma pesquisa revela que, para 44,1% das pessoas ouvidas pela Nomura, o valor justo para o d\u00f3lar no Brasil \u00e9 de R$ 3,51 a R$ 4. Para 30% dos entrevistados, est\u00e1 entre 50% e 75% a probabilidade de o Brasil perder o selo de bom pagador.  <\/p>\n<p>Bras\u00edlia, 08h31min   <\/p>\n","protected":false},"excerpt":{"rendered":"<p>Os investidores est\u00e3o vendo o Brasil como um pa\u00eds sem rumo. Com a presidente Dilma Rousseff isolada em seus pal\u00e1cios, a sensa\u00e7\u00e3o \u00e9 de que o governo est\u00e1 ac\u00e9falo. N\u00e3o h\u00e1 hoje uma lideran\u00e7a capaz de&nbsp; aglutinar for\u00e7as que possam funcionar como um contraponto \u00e0s loucuras encabe\u00e7adas pelo presidente da C\u00e2mara dos Deputados, Eduardo Cunha, [&hellip;]<\/p>\n","protected":false},"author":22,"featured_media":0,"comment_status":"open","ping_status":"open","sticky":false,"template":"","format":"standard","meta":{"wpb_read_more":[],"footnotes":""},"categories":[1],"tags":[],"class_list":["post-157","post","type-post","status-publish","format-standard","hentry","category-sem-categoria"],"_links":{"self":[{"href":"https:\/\/blogs2.correiobraziliense.com.br\/vicente\/wp-json\/wp\/v2\/posts\/157","targetHints":{"allow":["GET"]}}],"collection":[{"href":"https:\/\/blogs2.correiobraziliense.com.br\/vicente\/wp-json\/wp\/v2\/posts"}],"about":[{"href":"https:\/\/blogs2.correiobraziliense.com.br\/vicente\/wp-json\/wp\/v2\/types\/post"}],"author":[{"embeddable":true,"href":"https:\/\/blogs2.correiobraziliense.com.br\/vicente\/wp-json\/wp\/v2\/users\/22"}],"replies":[{"embeddable":true,"href":"https:\/\/blogs2.correiobraziliense.com.br\/vicente\/wp-json\/wp\/v2\/comments?post=157"}],"version-history":[{"count":0,"href":"https:\/\/blogs2.correiobraziliense.com.br\/vicente\/wp-json\/wp\/v2\/posts\/157\/revisions"}],"wp:attachment":[{"href":"https:\/\/blogs2.correiobraziliense.com.br\/vicente\/wp-json\/wp\/v2\/media?parent=157"}],"wp:term":[{"taxonomy":"category","embeddable":true,"href":"https:\/\/blogs2.correiobraziliense.com.br\/vicente\/wp-json\/wp\/v2\/categories?post=157"},{"taxonomy":"post_tag","embeddable":true,"href":"https:\/\/blogs2.correiobraziliense.com.br\/vicente\/wp-json\/wp\/v2\/tags?post=157"}],"curies":[{"name":"wp","href":"https:\/\/api.w.org\/{rel}","templated":true}]}}