{"id":1570,"date":"2016-06-22T12:10:33","date_gmt":"2016-06-22T15:10:33","guid":{"rendered":"https:\/\/blogs2.correiobraziliense.com.br\/vicente\/?p=1570"},"modified":"2016-06-23T12:49:28","modified_gmt":"2016-06-23T15:49:28","slug":"servidores-do-itamaraty-no-exterior-farao-manifestacao-contra-corte-de-13o-salario-e-de-ferias","status":"publish","type":"post","link":"https:\/\/blogs2.correiobraziliense.com.br\/vicente\/servidores-do-itamaraty-no-exterior-farao-manifestacao-contra-corte-de-13o-salario-e-de-ferias\/","title":{"rendered":"Servidores do Itamaraty no exterior far\u00e3o manifesta\u00e7\u00e3o contra corte de 13\u00ba sal\u00e1rio e de f\u00e9rias"},"content":{"rendered":"<p>A decis\u00e3o do Minist\u00e9rio do Planejamento de retirar a Indeniza\u00e7\u00e3o de Representa\u00e7\u00e3o no Exterior (Irex) do c\u00e1lculo do 13\u00ba sal\u00e1rio e das f\u00e9rias dos funcion\u00e1rios do Itamaraty que est\u00e3o trabalhando fora do pa\u00eds causou como\u00e7\u00e3o mundo afora. A indigna\u00e7\u00e3o entre os servidores \u00e9 grande. Muitos estavam contando com a remunera\u00e7\u00e3o extra para colocar d\u00edvidas em dia, inclusive de aluguel, uma vez que o Minist\u00e9rio das Rela\u00e7\u00f5es Exteriores n\u00e3o paga o aux\u00edlio-moradia h\u00e1 pelo menos tr\u00eas meses. Sem a Irex, o 13\u00ba e as f\u00e9rias ser\u00e3o reduzidos em 40%.<\/p>\n<p>&nbsp;<\/p>\n<p>Em protesto contra o corte do benef\u00edcio, os servidores programaram uma manifesta\u00e7\u00e3o para esta quinta-feira, 23. A meta \u00e9 parar o maior n\u00famero poss\u00edvel de postos do Itamaraty no exterior e reunir funcion\u00e1rios em frente \u00e0 sede do \u00f3rg\u00e3o em Bras\u00edlia. J\u00e1 est\u00e3o confirmadas paralisa\u00e7\u00f5es em Viena, Cairo, Genebra, Nair\u00f3bi, Roma, Lisboa, Boston, Chicago, Moscou e Nova D\u00e9lhi.<\/p>\n<p>&nbsp;<\/p>\n<p>A alega\u00e7\u00e3o \u00e9 de que, sem a Irex no 13\u00ba e nas f\u00e9rias, as contas n\u00e3o fechar\u00e3o, sobretudo em regi\u00f5es onde os custos de vida s\u00e3o elevados. H\u00e1 casos em que servidores j\u00e1 est\u00e3o\u00a0 amea\u00e7ados de despejo devido aos constantes atrasos nos repasses de aux\u00edlio-moradia por parte do Itamaraty. Os servidores acusam o Minist\u00e9rio das Rela\u00e7\u00f5es Exteriores de descaso e o Planejamento, de n\u00e3o conhecer a realidade dos trabalhadores.<\/p>\n<p>&nbsp;<\/p>\n<p><em>Bras\u00edlia, 12h10min<\/em><\/p>\n","protected":false},"excerpt":{"rendered":"<p>A decis\u00e3o do Minist\u00e9rio do Planejamento de retirar a Indeniza\u00e7\u00e3o de Representa\u00e7\u00e3o no Exterior (Irex) do c\u00e1lculo do 13\u00ba sal\u00e1rio e das f\u00e9rias dos funcion\u00e1rios do Itamaraty que est\u00e3o trabalhando fora do pa\u00eds causou como\u00e7\u00e3o mundo afora. A indigna\u00e7\u00e3o entre os servidores \u00e9 grande. Muitos estavam contando com a remunera\u00e7\u00e3o extra para colocar d\u00edvidas em [&hellip;]<\/p>\n","protected":false},"author":22,"featured_media":0,"comment_status":"open","ping_status":"closed","sticky":false,"template":"","format":"standard","meta":{"wpb_read_more":[],"footnotes":""},"categories":[1],"tags":[354,355,331,329,370,150],"class_list":["post-1570","post","type-post","status-publish","format-standard","hentry","category-sem-categoria","tag-13o-salario","tag-ferias","tag-irex","tag-itamaraty","tag-manifestacoes","tag-ministerio-do-planejamento"],"_links":{"self":[{"href":"https:\/\/blogs2.correiobraziliense.com.br\/vicente\/wp-json\/wp\/v2\/posts\/1570","targetHints":{"allow":["GET"]}}],"collection":[{"href":"https:\/\/blogs2.correiobraziliense.com.br\/vicente\/wp-json\/wp\/v2\/posts"}],"about":[{"href":"https:\/\/blogs2.correiobraziliense.com.br\/vicente\/wp-json\/wp\/v2\/types\/post"}],"author":[{"embeddable":true,"href":"https:\/\/blogs2.correiobraziliense.com.br\/vicente\/wp-json\/wp\/v2\/users\/22"}],"replies":[{"embeddable":true,"href":"https:\/\/blogs2.correiobraziliense.com.br\/vicente\/wp-json\/wp\/v2\/comments?post=1570"}],"version-history":[{"count":4,"href":"https:\/\/blogs2.correiobraziliense.com.br\/vicente\/wp-json\/wp\/v2\/posts\/1570\/revisions"}],"predecessor-version":[{"id":1601,"href":"https:\/\/blogs2.correiobraziliense.com.br\/vicente\/wp-json\/wp\/v2\/posts\/1570\/revisions\/1601"}],"wp:attachment":[{"href":"https:\/\/blogs2.correiobraziliense.com.br\/vicente\/wp-json\/wp\/v2\/media?parent=1570"}],"wp:term":[{"taxonomy":"category","embeddable":true,"href":"https:\/\/blogs2.correiobraziliense.com.br\/vicente\/wp-json\/wp\/v2\/categories?post=1570"},{"taxonomy":"post_tag","embeddable":true,"href":"https:\/\/blogs2.correiobraziliense.com.br\/vicente\/wp-json\/wp\/v2\/tags?post=1570"}],"curies":[{"name":"wp","href":"https:\/\/api.w.org\/{rel}","templated":true}]}}