{"id":1571,"date":"2016-06-22T12:31:41","date_gmt":"2016-06-22T15:31:41","guid":{"rendered":"https:\/\/blogs2.correiobraziliense.com.br\/vicente\/?p=1571"},"modified":"2016-06-22T12:43:24","modified_gmt":"2016-06-22T15:43:24","slug":"telefones-da-camara-dos-deputados-nao-param-de-tocar-com-ofertas-da-oi","status":"publish","type":"post","link":"https:\/\/blogs2.correiobraziliense.com.br\/vicente\/telefones-da-camara-dos-deputados-nao-param-de-tocar-com-ofertas-da-oi\/","title":{"rendered":"Telefones da C\u00e2mara dos Deputados n\u00e3o param de tocar com ofertas da Oi"},"content":{"rendered":"<p>POR ANTONIO TEM\u00d3TEO<\/p>\n<p>&nbsp;<\/p>\n<p>Os telefones nos gabinetes da C\u00e2mara dos Deputados n\u00e3o param de tocar desde ontem. Assim que os servidores da casa atendem s\u00e3o surpreendidos com uma oferta de banda larga da Oi, que afirma que a empresa oferece o melhor servi\u00e7o do Brasil.<\/p>\n<p>&nbsp;<\/p>\n<p>Entre risos e reclama\u00e7\u00f5es, parlamentares e seus auxiliares comentam que a a\u00e7\u00e3o de telemarketing \u00e9 uma piada. &#8220;Eles s\u00f3 podem estar desesperados. Como uma empresa que entra na Justi\u00e7a com um pedido de recupera\u00e7\u00e3o judicial para evitar a fal\u00eancia se diz a melhor do Brasil? \u00c9 uma vergonha&#8221;, comentou um deputado no Sal\u00e3o Verde.<\/p>\n","protected":false},"excerpt":{"rendered":"<p>POR ANTONIO TEM\u00d3TEO &nbsp; Os telefones nos gabinetes da C\u00e2mara dos Deputados n\u00e3o param de tocar desde ontem. Assim que os servidores da casa atendem s\u00e3o surpreendidos com uma oferta de banda larga da Oi, que afirma que a empresa oferece o melhor servi\u00e7o do Brasil. &nbsp; Entre risos e reclama\u00e7\u00f5es, parlamentares e seus auxiliares [&hellip;]<\/p>\n","protected":false},"author":22,"featured_media":0,"comment_status":"open","ping_status":"closed","sticky":false,"template":"","format":"standard","meta":{"wpb_read_more":[],"footnotes":""},"categories":[1],"tags":[340,341,339,145,338],"class_list":["post-1571","post","type-post","status-publish","format-standard","hentry","category-sem-categoria","tag-banda-larga","tag-camara-dos-deputados","tag-oferta","tag-oi","tag-telemarketing"],"_links":{"self":[{"href":"https:\/\/blogs2.correiobraziliense.com.br\/vicente\/wp-json\/wp\/v2\/posts\/1571","targetHints":{"allow":["GET"]}}],"collection":[{"href":"https:\/\/blogs2.correiobraziliense.com.br\/vicente\/wp-json\/wp\/v2\/posts"}],"about":[{"href":"https:\/\/blogs2.correiobraziliense.com.br\/vicente\/wp-json\/wp\/v2\/types\/post"}],"author":[{"embeddable":true,"href":"https:\/\/blogs2.correiobraziliense.com.br\/vicente\/wp-json\/wp\/v2\/users\/22"}],"replies":[{"embeddable":true,"href":"https:\/\/blogs2.correiobraziliense.com.br\/vicente\/wp-json\/wp\/v2\/comments?post=1571"}],"version-history":[{"count":2,"href":"https:\/\/blogs2.correiobraziliense.com.br\/vicente\/wp-json\/wp\/v2\/posts\/1571\/revisions"}],"predecessor-version":[{"id":1575,"href":"https:\/\/blogs2.correiobraziliense.com.br\/vicente\/wp-json\/wp\/v2\/posts\/1571\/revisions\/1575"}],"wp:attachment":[{"href":"https:\/\/blogs2.correiobraziliense.com.br\/vicente\/wp-json\/wp\/v2\/media?parent=1571"}],"wp:term":[{"taxonomy":"category","embeddable":true,"href":"https:\/\/blogs2.correiobraziliense.com.br\/vicente\/wp-json\/wp\/v2\/categories?post=1571"},{"taxonomy":"post_tag","embeddable":true,"href":"https:\/\/blogs2.correiobraziliense.com.br\/vicente\/wp-json\/wp\/v2\/tags?post=1571"}],"curies":[{"name":"wp","href":"https:\/\/api.w.org\/{rel}","templated":true}]}}