{"id":15711,"date":"2020-09-09T10:06:23","date_gmt":"2020-09-09T13:06:23","guid":{"rendered":"https:\/\/blogs2.correiobraziliense.com.br\/vicente\/?p=15711"},"modified":"2020-09-09T12:27:56","modified_gmt":"2020-09-09T15:27:56","slug":"brasilia-tem-a-terceira-maior-inflacao-do-pais-taxa-e-mais-do-que-o-dobro-da-media-nacional","status":"publish","type":"post","link":"https:\/\/blogs2.correiobraziliense.com.br\/vicente\/brasilia-tem-a-terceira-maior-inflacao-do-pais-taxa-e-mais-do-que-o-dobro-da-media-nacional\/","title":{"rendered":"Bras\u00edlia tem a terceira maior infla\u00e7\u00e3o do pa\u00eds. Taxa \u00e9 mais do que o dobro da m\u00e9dia nacional"},"content":{"rendered":"<h2>Dados do Instituto Brasileiro de Geografia e Estat\u00edstica (IBGE) mostram que Bras\u00edlia registrou, em agosto, a terceira maior infla\u00e7\u00e3o do pa\u00eds. O \u00cdndice de Pre\u00e7os ao Consumidor Amplo (IPCA) na capital federal alcan\u00e7ou 0,58%, mais do que o dobro da <a href=\"https:\/\/www.correiobraziliense.com.br\/economia\/2020\/09\/4874150-com-alimentos-e-gasolina-em-alta-inflacao-avanca-024--em-agosto.html\">m\u00e9dia nacional de 0,24%<\/a>.<\/h2>\n<p>&nbsp;<\/p>\n<p>O custo de vida em Bras\u00edlia, que s\u00f3 perdeu para as taxas de Campo Grande (1,04%) e Goi\u00e2nia (0,66%), foi puxado, sobretudo, pelos pre\u00e7os dos alimentos e dos combust\u00edveis. Esses produtos subiram mais em Bras\u00edlia do que nas demais capitais pesquisadas pelo IBGE. Ou seja, supermercados e postos de combust\u00edveis <a href=\"https:\/\/www.correiobraziliense.com.br\/economia\/2020\/09\/4874119-carestia-pesa-na-mesa-dos-brasileiros.html\">pesaram mais a m\u00e3o sobre o bolso dos consumidores<\/a>.<\/p>\n<p>&nbsp;<\/p>\n<p><strong>Mais pobres sofrem mais<\/strong><\/p>\n<p>&nbsp;<\/p>\n<p>Quando a taxa de refer\u00eancia \u00e9 o \u00cdndice Nacional de Pre\u00e7os ao Consumidor (INPC), que mede a infla\u00e7\u00e3o dos mais pobres, com renda de at\u00e9 2,5 sal\u00e1rios m\u00ednimos, a carestia em Bras\u00edlia foi ainda maior. O INPC apontou alta de 0,71%, perdendo apenas para a subida de 1,33% em Campo Grande (MS).<\/p>\n<p>&nbsp;<\/p>\n<p>Na vis\u00e3o de especialistas, os <a href=\"https:\/\/blogs2.correiobraziliense.com.br\/vicente\/alta-dos-precos-dos-alimentos-vai-durar-pelo-menos-um-ano\/\">brasilienses continuar\u00e3o sofrendo com a infla\u00e7\u00e3o nos pr\u00f3ximos meses<\/a>. Setembro come\u00e7ou com forte alta nos alimentos e reajustes pesados na gasolina, mesmo com a Petrobras tendo reduzido os valores nas refinarias por duas semanas seguidas.<\/p>\n<p>&nbsp;<\/p>\n<p><em>Bras\u00edlia, 10h06min<\/em><\/p>\n","protected":false},"excerpt":{"rendered":"<p>Dados do Instituto Brasileiro de Geografia e Estat\u00edstica (IBGE) mostram que Bras\u00edlia registrou, em agosto, a terceira maior infla\u00e7\u00e3o do pa\u00eds. O \u00cdndice de Pre\u00e7os ao Consumidor Amplo (IPCA) na capital federal alcan\u00e7ou 0,58%, mais do que o dobro da m\u00e9dia nacional de 0,24%. &nbsp; O custo de vida em Bras\u00edlia, que s\u00f3 perdeu para [&hellip;]<\/p>\n","protected":false},"author":22,"featured_media":9718,"comment_status":"open","ping_status":"closed","sticky":false,"template":"","format":"standard","meta":{"wpb_read_more":[],"footnotes":""},"categories":[600],"tags":[4906,850,926,391,14,4905],"class_list":["post-15711","post","type-post","status-publish","format-standard","has-post-thumbnail","hentry","category-economia","tag-4906","tag-alta","tag-brasilia","tag-ibge","tag-inflacao","tag-media"],"_links":{"self":[{"href":"https:\/\/blogs2.correiobraziliense.com.br\/vicente\/wp-json\/wp\/v2\/posts\/15711","targetHints":{"allow":["GET"]}}],"collection":[{"href":"https:\/\/blogs2.correiobraziliense.com.br\/vicente\/wp-json\/wp\/v2\/posts"}],"about":[{"href":"https:\/\/blogs2.correiobraziliense.com.br\/vicente\/wp-json\/wp\/v2\/types\/post"}],"author":[{"embeddable":true,"href":"https:\/\/blogs2.correiobraziliense.com.br\/vicente\/wp-json\/wp\/v2\/users\/22"}],"replies":[{"embeddable":true,"href":"https:\/\/blogs2.correiobraziliense.com.br\/vicente\/wp-json\/wp\/v2\/comments?post=15711"}],"version-history":[{"count":4,"href":"https:\/\/blogs2.correiobraziliense.com.br\/vicente\/wp-json\/wp\/v2\/posts\/15711\/revisions"}],"predecessor-version":[{"id":15715,"href":"https:\/\/blogs2.correiobraziliense.com.br\/vicente\/wp-json\/wp\/v2\/posts\/15711\/revisions\/15715"}],"wp:featuredmedia":[{"embeddable":true,"href":"https:\/\/blogs2.correiobraziliense.com.br\/vicente\/wp-json\/wp\/v2\/media\/9718"}],"wp:attachment":[{"href":"https:\/\/blogs2.correiobraziliense.com.br\/vicente\/wp-json\/wp\/v2\/media?parent=15711"}],"wp:term":[{"taxonomy":"category","embeddable":true,"href":"https:\/\/blogs2.correiobraziliense.com.br\/vicente\/wp-json\/wp\/v2\/categories?post=15711"},{"taxonomy":"post_tag","embeddable":true,"href":"https:\/\/blogs2.correiobraziliense.com.br\/vicente\/wp-json\/wp\/v2\/tags?post=15711"}],"curies":[{"name":"wp","href":"https:\/\/api.w.org\/{rel}","templated":true}]}}