{"id":15727,"date":"2020-09-09T17:32:23","date_gmt":"2020-09-09T20:32:23","guid":{"rendered":"https:\/\/blogs2.correiobraziliense.com.br\/vicente\/?p=15727"},"modified":"2020-09-09T17:49:41","modified_gmt":"2020-09-09T20:49:41","slug":"inss-retomara-atendimento-nas-agencias-mas-so-com-hora-marcada","status":"publish","type":"post","link":"https:\/\/blogs2.correiobraziliense.com.br\/vicente\/inss-retomara-atendimento-nas-agencias-mas-so-com-hora-marcada\/","title":{"rendered":"INSS retomar\u00e1 atendimento nas ag\u00eancias, mas s\u00f3 com hora marcada"},"content":{"rendered":"<h2>Se n\u00e3o houver mudan\u00e7a de \u00faltima hora, as ag\u00eancias do Instituto Nacional do Seguro Social (INSS) come\u00e7ar\u00e3o a ser reabertas gradualmente no dia 14 de setembro, segunda-feira. Mas, de in\u00edcio, os atendimentos ser\u00e3o restritos, s\u00f3 com hora marcada.<\/h2>\n<p>&nbsp;<\/p>\n<p>O objetivo do INSS \u00e9 evitar aglomera\u00e7\u00f5es, preservando tanto a sa\u00fade dos servidores quanto a de aposentados e pensionistas, que, em sua maioria, est\u00e3o nos grupos de riscos. A contamina\u00e7\u00e3o pela covid-19 no Brasil ainda est\u00e1 em ritmo acelerado.<\/p>\n<p>&nbsp;<\/p>\n<p>Segundo o INSS, com a proximidade do retorno gradual do atendimento presencial \u00e9 preciso que os segurados fiquem atentos, pois, para serem atendidos em uma das ag\u00eancias que reabrir\u00e1 ao p\u00fablico, ser\u00e1 necess\u00e1rio realizar agendamento.<\/p>\n<p>&nbsp;<\/p>\n<p><strong>Servi\u00e7os dispon\u00edveis nas ag\u00eancias<\/strong><\/p>\n<p>&nbsp;<\/p>\n<p>Para isso, avisa o \u00f3rg\u00e3o, ser\u00e1 imprescind\u00edvel marcar hora pelo Meu INSS (<a href=\"https:\/\/meu.inss.gov.br\/central\/#\/login?redirectUrl=\/\">gov.br\/meuinss<\/a> e aplicativo) ou por meio do telefone 135. Estar\u00e3o\u00a0dispon\u00edveis para atendimento presencial nas ag\u00eancias os servi\u00e7os de per\u00edcia m\u00e9dica, avalia\u00e7\u00e3o social, cumprimento de exig\u00eancia, justifica\u00e7\u00e3o administrativa e reabilita\u00e7\u00e3o profissional.<\/p>\n<p>&nbsp;<\/p>\n<p>O INSS \u00e9 enf\u00e1tico: segurados sem agendamento n\u00e3o ser\u00e3o atendidos, para que se evite aglomera\u00e7\u00f5es dentro e fora das ag\u00eancias, de acordo com orienta\u00e7\u00f5es do Minist\u00e9rio da Sa\u00fade. &#8220;Portanto, n\u00e3o saia de casa \u00e0 toa. Antes, proceda com o agendamento pelos canais acima citados&#8221;, avisa o \u00f3rg\u00e3o.<\/p>\n<p>&nbsp;<\/p>\n<p><em>Bras\u00edlia, 17h32min<\/em><\/p>\n","protected":false},"excerpt":{"rendered":"<p>Se n\u00e3o houver mudan\u00e7a de \u00faltima hora, as ag\u00eancias do Instituto Nacional do Seguro Social (INSS) come\u00e7ar\u00e3o a ser reabertas gradualmente no dia 14 de setembro, segunda-feira. Mas, de in\u00edcio, os atendimentos ser\u00e3o restritos, s\u00f3 com hora marcada. &nbsp; O objetivo do INSS \u00e9 evitar aglomera\u00e7\u00f5es, preservando tanto a sa\u00fade dos servidores quanto a de [&hellip;]<\/p>\n","protected":false},"author":22,"featured_media":11156,"comment_status":"open","ping_status":"closed","sticky":false,"template":"","format":"standard","meta":{"wpb_read_more":[],"footnotes":""},"categories":[600],"tags":[1531,4909,452,4419,4908,408,112,414],"class_list":["post-15727","post","type-post","status-publish","format-standard","has-post-thumbnail","hentry","category-economia","tag-agencias","tag-aglomeracao","tag-atendimento","tag-coronavirus","tag-hora-marcada","tag-inss","tag-retomada","tag-servicos"],"_links":{"self":[{"href":"https:\/\/blogs2.correiobraziliense.com.br\/vicente\/wp-json\/wp\/v2\/posts\/15727","targetHints":{"allow":["GET"]}}],"collection":[{"href":"https:\/\/blogs2.correiobraziliense.com.br\/vicente\/wp-json\/wp\/v2\/posts"}],"about":[{"href":"https:\/\/blogs2.correiobraziliense.com.br\/vicente\/wp-json\/wp\/v2\/types\/post"}],"author":[{"embeddable":true,"href":"https:\/\/blogs2.correiobraziliense.com.br\/vicente\/wp-json\/wp\/v2\/users\/22"}],"replies":[{"embeddable":true,"href":"https:\/\/blogs2.correiobraziliense.com.br\/vicente\/wp-json\/wp\/v2\/comments?post=15727"}],"version-history":[{"count":1,"href":"https:\/\/blogs2.correiobraziliense.com.br\/vicente\/wp-json\/wp\/v2\/posts\/15727\/revisions"}],"predecessor-version":[{"id":15728,"href":"https:\/\/blogs2.correiobraziliense.com.br\/vicente\/wp-json\/wp\/v2\/posts\/15727\/revisions\/15728"}],"wp:featuredmedia":[{"embeddable":true,"href":"https:\/\/blogs2.correiobraziliense.com.br\/vicente\/wp-json\/wp\/v2\/media\/11156"}],"wp:attachment":[{"href":"https:\/\/blogs2.correiobraziliense.com.br\/vicente\/wp-json\/wp\/v2\/media?parent=15727"}],"wp:term":[{"taxonomy":"category","embeddable":true,"href":"https:\/\/blogs2.correiobraziliense.com.br\/vicente\/wp-json\/wp\/v2\/categories?post=15727"},{"taxonomy":"post_tag","embeddable":true,"href":"https:\/\/blogs2.correiobraziliense.com.br\/vicente\/wp-json\/wp\/v2\/tags?post=15727"}],"curies":[{"name":"wp","href":"https:\/\/api.w.org\/{rel}","templated":true}]}}