{"id":15754,"date":"2020-09-10T12:01:17","date_gmt":"2020-09-10T15:01:17","guid":{"rendered":"https:\/\/blogs2.correiobraziliense.com.br\/vicente\/?p=15754"},"modified":"2020-09-10T12:27:43","modified_gmt":"2020-09-10T15:27:43","slug":"com-fux-no-comando-do-stf-salarios-e-estabilidade-dos-atuais-servidores-sao-intocaveis","status":"publish","type":"post","link":"https:\/\/blogs2.correiobraziliense.com.br\/vicente\/com-fux-no-comando-do-stf-salarios-e-estabilidade-dos-atuais-servidores-sao-intocaveis\/","title":{"rendered":"Com Fux no comando do STF, sal\u00e1rios e estabilidade dos atuais servidores s\u00e3o intoc\u00e1veis"},"content":{"rendered":"<h2>O ministro <a href=\"https:\/\/www.correiobraziliense.com.br\/politica\/2020\/09\/4874364-novos-ares-no-supremo.html\">Luiz Fux toma posse na presid\u00eancia do Supremo Tribunal Federal<\/a> (STF) nesta quinta-feira (10\/09), mas j\u00e1 deixou claro a interlocutores que, para ele, a estabilidade e os sal\u00e1rios dos atuais servidores s\u00e3o intoc\u00e1veis. Se houver mudan\u00e7as nesses dois pontos, elas ter\u00e3o que ser muito bem discutidas no Congresso, valendo somente para futuros servidores.<\/h2>\n<p>&nbsp;<\/p>\n<p>Sempre que questionado sobre a reforma a administrativa, Fux, que substitui Dias Toffoli no comando do Supremo, cita uma palavra para definir seu pensamento: &#8220;previsibilidade&#8221;. Ou seja, os atuais servidores precisam ter a certeza de que as regras vigentes \u00e0 \u00e9poca em que foram contratados n\u00e3o ser\u00e3o alteradas no meio do caminho.<\/p>\n<p>&nbsp;<\/p>\n<p>Para o novo presidente do STF, os atuais funcion\u00e1rios p\u00fablicos assumiram compromissos, t\u00eam despesas fixas, como escolas e sa\u00fade, por exemplo. N\u00e3o podem, portanto, serem submetidos a cortes inesperados de sal\u00e1rios ou mesmo se verem diante de uma possibilidade de demiss\u00e3o.<\/p>\n<p>&nbsp;<\/p>\n<p><strong>Judici\u00e1rio tamb\u00e9m deve dar cota de sacrif\u00edcio<\/strong><\/p>\n<p>&nbsp;<\/p>\n<p>A interlocutores muito pr\u00f3ximos, Fux diz ser a favor da reforma administrativa como forma de enxugar o tamanho do Estado, que est\u00e1 inchado demais. E admite que o Judici\u00e1rio tamb\u00e9m deve dar sua cota de sacrif\u00edcio. Todas as discuss\u00f5es, acredita o ministro, devem passar pelo Legislativo de forma transparente.<\/p>\n<p>&nbsp;<\/p>\n<p>Pela <a href=\"https:\/\/www.correiobraziliense.com.br\/politica\/2020\/09\/4873146-ministro-jorge-oliveira-e-lideres-do-governo-entregam-pec-da-reforma-administrativa-ao-presidente-da-camara.html\">Proposta de Emenda \u00e0 Constitui\u00e7\u00e3o (PEC) encaminhada pelo governo ao Congresso<\/a>, a reforma administrativa, nesse primeiro momento, deixou de fora ju\u00edzes, desembargadores, procuradores e pol\u00edticos. N\u00e3o por acaso, as cr\u00edticas da sociedade se elevaram, pois a percep\u00e7\u00e3o \u00e9 de que privil\u00e9gios ser\u00e3o mantidos para poucos.<\/p>\n<p>&nbsp;<\/p>\n<p>A proposta de reforma administrativa abriu v\u00e1rias frentes de guerra na Esplanada dos Minist\u00e9rios e no Legislativo, onde press\u00f5es e lobbies est\u00e3o a todo vapor. Dentro do STF, a previs\u00e3o \u00e9 de que o projeto que sair do Congresso resultar\u00e1 um uma <a href=\"https:\/\/www.correiobraziliense.com.br\/politica\/2020\/09\/4873887-judicializacao-no-caminho-da-reforma.html\">onda de judicializa\u00e7\u00e3o<\/a>.<\/p>\n<p>&nbsp;<\/p>\n<p><em>Bras\u00edlia, 12h01min<\/em><\/p>\n","protected":false},"excerpt":{"rendered":"<p>O ministro Luiz Fux toma posse na presid\u00eancia do Supremo Tribunal Federal (STF) nesta quinta-feira (10\/09), mas j\u00e1 deixou claro a interlocutores que, para ele, a estabilidade e os sal\u00e1rios dos atuais servidores s\u00e3o intoc\u00e1veis. Se houver mudan\u00e7as nesses dois pontos, elas ter\u00e3o que ser muito bem discutidas no Congresso, valendo somente para futuros servidores. [&hellip;]<\/p>\n","protected":false},"author":22,"featured_media":15758,"comment_status":"open","ping_status":"closed","sticky":false,"template":"","format":"standard","meta":{"wpb_read_more":[],"footnotes":""},"categories":[600],"tags":[4163,4915,4916,1004,122,123],"class_list":["post-15754","post","type-post","status-publish","format-standard","has-post-thumbnail","hentry","category-economia","tag-estabilidade","tag-fux","tag-previsibilidade","tag-reforma-administrativa","tag-salarios","tag-servidores"],"_links":{"self":[{"href":"https:\/\/blogs2.correiobraziliense.com.br\/vicente\/wp-json\/wp\/v2\/posts\/15754","targetHints":{"allow":["GET"]}}],"collection":[{"href":"https:\/\/blogs2.correiobraziliense.com.br\/vicente\/wp-json\/wp\/v2\/posts"}],"about":[{"href":"https:\/\/blogs2.correiobraziliense.com.br\/vicente\/wp-json\/wp\/v2\/types\/post"}],"author":[{"embeddable":true,"href":"https:\/\/blogs2.correiobraziliense.com.br\/vicente\/wp-json\/wp\/v2\/users\/22"}],"replies":[{"embeddable":true,"href":"https:\/\/blogs2.correiobraziliense.com.br\/vicente\/wp-json\/wp\/v2\/comments?post=15754"}],"version-history":[{"count":1,"href":"https:\/\/blogs2.correiobraziliense.com.br\/vicente\/wp-json\/wp\/v2\/posts\/15754\/revisions"}],"predecessor-version":[{"id":15759,"href":"https:\/\/blogs2.correiobraziliense.com.br\/vicente\/wp-json\/wp\/v2\/posts\/15754\/revisions\/15759"}],"wp:featuredmedia":[{"embeddable":true,"href":"https:\/\/blogs2.correiobraziliense.com.br\/vicente\/wp-json\/wp\/v2\/media\/15758"}],"wp:attachment":[{"href":"https:\/\/blogs2.correiobraziliense.com.br\/vicente\/wp-json\/wp\/v2\/media?parent=15754"}],"wp:term":[{"taxonomy":"category","embeddable":true,"href":"https:\/\/blogs2.correiobraziliense.com.br\/vicente\/wp-json\/wp\/v2\/categories?post=15754"},{"taxonomy":"post_tag","embeddable":true,"href":"https:\/\/blogs2.correiobraziliense.com.br\/vicente\/wp-json\/wp\/v2\/tags?post=15754"}],"curies":[{"name":"wp","href":"https:\/\/api.w.org\/{rel}","templated":true}]}}