{"id":15769,"date":"2020-09-11T20:16:06","date_gmt":"2020-09-11T23:16:06","guid":{"rendered":"https:\/\/blogs2.correiobraziliense.com.br\/vicente\/?p=15769"},"modified":"2020-09-11T20:22:44","modified_gmt":"2020-09-11T23:22:44","slug":"marinha-resgata-filhote-de-onca-pintada-com-as-patas-queimadas-no-pantanal-que-arde-em-fogo-veja-videos","status":"publish","type":"post","link":"https:\/\/blogs2.correiobraziliense.com.br\/vicente\/marinha-resgata-filhote-de-onca-pintada-com-as-patas-queimadas-no-pantanal-que-arde-em-fogo-veja-videos\/","title":{"rendered":"Marinha resgata filhote de on\u00e7a-pintada com as patas queimadas no Pantanal, que arde em fogo. Veja v\u00eddeos"},"content":{"rendered":"<h2>Um filhote de on\u00e7a-pintada com as patas queimadas foi resgatado no Pantanal mato-grossense na\u00a0tarde desta sexta-feira (11\/09) pela Marinha do Brasil.<\/h2>\n<p>&nbsp;<\/p>\n<p>https:\/\/youtube.com\/watch?v=fSL9CdpbUpY<\/p>\n<p>&nbsp;<\/p>\n<p>Para o resgate, foi usado um helic\u00f3ptero Super Cougar (UH-15), empregado na Opera\u00e7\u00e3o Pantanal desde o in\u00edcio do inc\u00eandio (25\/07) para o transporte de pessoal e material.<\/p>\n<p>&nbsp;<\/p>\n<p>https:\/\/youtube.com\/watch?v=Z_LBXZOZBb0<\/p>\n<p>&nbsp;<\/p>\n<p>A on\u00e7a foi levada da regi\u00e3o de Porto Jofre para o Hospital Veterin\u00e1rio da Universidade Federal de Mato Grosso (UFMT). Ap\u00f3s recupera\u00e7\u00e3o, ser\u00e1 devolvida \u00e0 natureza.<\/p>\n<p>&nbsp;<\/p>\n<p>https:\/\/youtube.com\/watch?v=Jfv83cSXrOQ<\/p>\n<p>&nbsp;<\/p>\n<p>O Pantanal enfrenta a maior onda de queimadas de sua hist\u00f3ria, fruto da a\u00e7\u00e3o do homem e do grande per\u00edodo de estiagem.<\/p>\n","protected":false},"excerpt":{"rendered":"<p>Um filhote de on\u00e7a-pintada com as patas queimadas foi resgatado no Pantanal mato-grossense na\u00a0tarde desta sexta-feira (11\/09) pela Marinha do Brasil. &nbsp; &nbsp; Para o resgate, foi usado um helic\u00f3ptero Super Cougar (UH-15), empregado na Opera\u00e7\u00e3o Pantanal desde o in\u00edcio do inc\u00eandio (25\/07) para o transporte de pessoal e material. &nbsp; &nbsp; A on\u00e7a foi [&hellip;]<\/p>\n","protected":false},"author":22,"featured_media":15770,"comment_status":"open","ping_status":"closed","sticky":false,"template":"","format":"standard","meta":{"wpb_read_more":[],"footnotes":""},"categories":[600],"tags":[],"class_list":["post-15769","post","type-post","status-publish","format-standard","has-post-thumbnail","hentry","category-economia"],"_links":{"self":[{"href":"https:\/\/blogs2.correiobraziliense.com.br\/vicente\/wp-json\/wp\/v2\/posts\/15769","targetHints":{"allow":["GET"]}}],"collection":[{"href":"https:\/\/blogs2.correiobraziliense.com.br\/vicente\/wp-json\/wp\/v2\/posts"}],"about":[{"href":"https:\/\/blogs2.correiobraziliense.com.br\/vicente\/wp-json\/wp\/v2\/types\/post"}],"author":[{"embeddable":true,"href":"https:\/\/blogs2.correiobraziliense.com.br\/vicente\/wp-json\/wp\/v2\/users\/22"}],"replies":[{"embeddable":true,"href":"https:\/\/blogs2.correiobraziliense.com.br\/vicente\/wp-json\/wp\/v2\/comments?post=15769"}],"version-history":[{"count":4,"href":"https:\/\/blogs2.correiobraziliense.com.br\/vicente\/wp-json\/wp\/v2\/posts\/15769\/revisions"}],"predecessor-version":[{"id":15774,"href":"https:\/\/blogs2.correiobraziliense.com.br\/vicente\/wp-json\/wp\/v2\/posts\/15769\/revisions\/15774"}],"wp:featuredmedia":[{"embeddable":true,"href":"https:\/\/blogs2.correiobraziliense.com.br\/vicente\/wp-json\/wp\/v2\/media\/15770"}],"wp:attachment":[{"href":"https:\/\/blogs2.correiobraziliense.com.br\/vicente\/wp-json\/wp\/v2\/media?parent=15769"}],"wp:term":[{"taxonomy":"category","embeddable":true,"href":"https:\/\/blogs2.correiobraziliense.com.br\/vicente\/wp-json\/wp\/v2\/categories?post=15769"},{"taxonomy":"post_tag","embeddable":true,"href":"https:\/\/blogs2.correiobraziliense.com.br\/vicente\/wp-json\/wp\/v2\/tags?post=15769"}],"curies":[{"name":"wp","href":"https:\/\/api.w.org\/{rel}","templated":true}]}}