{"id":158,"date":"2015-08-06T11:47:00","date_gmt":"2015-08-06T14:47:00","guid":{"rendered":"https:\/\/blogs2.correiobraziliense.com.br\/vicente\/abuso_dos_servidores\/"},"modified":"2015-08-06T11:47:00","modified_gmt":"2015-08-06T14:47:00","slug":"abuso_dos_servidores","status":"publish","type":"post","link":"https:\/\/blogs2.correiobraziliense.com.br\/vicente\/abuso_dos_servidores\/","title":{"rendered":"ABUSO DOS SERVIDORES"},"content":{"rendered":"\n<p>Com o governo enfraquecido politicamente, todos querem avan\u00e7ar sobre os cofres p\u00fablicos. E os servidores n\u00e3o fizeram por menos ao pressionar o Congresso para aprovar uma Proposta de Emenda Constitucional (PEC) que transforma os reajustes de sal\u00e1rios em uma farra \u2014 algumas carreiras mais que dobrar\u00e3o o valor dos contracheques se os parlamentares endossarem a gan\u00e2ncia. <\/p>\n<p>O que mais assusta \u00e9 que os abusos est\u00e3o sendo defendidos por grupos articulados da elite do funcionalismo, gente que deveria estar dando exemplo diante das dificuldades que o pa\u00eds est\u00e1 passando. Enquanto a grande maioria dos trabalhadores est\u00e1 com os empregos amea\u00e7ados por causa da grave crise, os servidores beneficiados pela PEC 433, que vincula seus rendimentos aos ganhos dos ministros do Supremo Tribunal Federal (STF), se garantem na estabilidade. <\/p>\n<p>Numa hip\u00f3tese remot\u00edssima, seria at\u00e9 aceit\u00e1vel pensar em reajustes de mais de 100% para os servidores \u2014 advogados da Uni\u00e3o, analistas do Banco Central, delegados da Pol\u00edcia Federal, auditores da Receita Federal, fiscais agropecu\u00e1rios \u2014 se eles prestassem um servi\u00e7o decente \u00e0 popula\u00e7\u00e3o. Mas n\u00e3o \u00e9 o caso. A qualidade \u00e9 p\u00e9ssima. Nada funciona. E a m\u00e1quina est\u00e1 infiltrada pela corrup\u00e7\u00e3o. <\/p>\n<p>Se estivessem na iniciativa privada, submetidos \u00e0 meritocracia, muitos desses servidores que tendem a se beneficiar da PEC 443 estariam demitidos e engrossando a fila de desempregados que eles podem ajudar a aumentar caso insistam em reajustes abusivos de sal\u00e1rios. As contas p\u00fablicas n\u00e3o suportam mais exageros. O Estado j\u00e1 \u00e9 grande demais e suga, por ano, quase 40% das riquezas produzidas pelo pa\u00eds. Bom senso \u00e9 bom e todo mundo gosta. <i> <\/p>\n<p><\/i><i>Bras\u00edlia, 11h46min<\/i>   <\/p>\n","protected":false},"excerpt":{"rendered":"<p>Com o governo enfraquecido politicamente, todos querem avan\u00e7ar sobre os cofres p\u00fablicos. E os servidores n\u00e3o fizeram por menos ao pressionar o Congresso para aprovar uma Proposta de Emenda Constitucional (PEC) que transforma os reajustes de sal\u00e1rios em uma farra \u2014 algumas carreiras mais que dobrar\u00e3o o valor dos contracheques se os parlamentares endossarem a [&hellip;]<\/p>\n","protected":false},"author":22,"featured_media":0,"comment_status":"open","ping_status":"open","sticky":false,"template":"","format":"standard","meta":{"wpb_read_more":[],"footnotes":""},"categories":[1],"tags":[],"class_list":["post-158","post","type-post","status-publish","format-standard","hentry","category-sem-categoria"],"_links":{"self":[{"href":"https:\/\/blogs2.correiobraziliense.com.br\/vicente\/wp-json\/wp\/v2\/posts\/158","targetHints":{"allow":["GET"]}}],"collection":[{"href":"https:\/\/blogs2.correiobraziliense.com.br\/vicente\/wp-json\/wp\/v2\/posts"}],"about":[{"href":"https:\/\/blogs2.correiobraziliense.com.br\/vicente\/wp-json\/wp\/v2\/types\/post"}],"author":[{"embeddable":true,"href":"https:\/\/blogs2.correiobraziliense.com.br\/vicente\/wp-json\/wp\/v2\/users\/22"}],"replies":[{"embeddable":true,"href":"https:\/\/blogs2.correiobraziliense.com.br\/vicente\/wp-json\/wp\/v2\/comments?post=158"}],"version-history":[{"count":0,"href":"https:\/\/blogs2.correiobraziliense.com.br\/vicente\/wp-json\/wp\/v2\/posts\/158\/revisions"}],"wp:attachment":[{"href":"https:\/\/blogs2.correiobraziliense.com.br\/vicente\/wp-json\/wp\/v2\/media?parent=158"}],"wp:term":[{"taxonomy":"category","embeddable":true,"href":"https:\/\/blogs2.correiobraziliense.com.br\/vicente\/wp-json\/wp\/v2\/categories?post=158"},{"taxonomy":"post_tag","embeddable":true,"href":"https:\/\/blogs2.correiobraziliense.com.br\/vicente\/wp-json\/wp\/v2\/tags?post=158"}],"curies":[{"name":"wp","href":"https:\/\/api.w.org\/{rel}","templated":true}]}}