{"id":15802,"date":"2020-09-13T19:35:26","date_gmt":"2020-09-13T22:35:26","guid":{"rendered":"https:\/\/blogs2.correiobraziliense.com.br\/vicente\/?p=15802"},"modified":"2020-09-13T21:07:12","modified_gmt":"2020-09-14T00:07:12","slug":"rodrigo-maia-vai-comprar-nova-briga-com-planos-de-saude-agora-por-tratamento-oral-contra-o-cancer","status":"publish","type":"post","link":"https:\/\/blogs2.correiobraziliense.com.br\/vicente\/rodrigo-maia-vai-comprar-nova-briga-com-planos-de-saude-agora-por-tratamento-oral-contra-o-cancer\/","title":{"rendered":"Rodrigo Maia vai comprar nova briga com planos de sa\u00fade, agora, por tratamento oral contra o c\u00e2ncer"},"content":{"rendered":"<h2>Os planos de sa\u00fade j\u00e1 foram avisados de que o presidente da C\u00e2mara, Rodrigo Maia, comprar\u00e1 nova briga com as empresas do setor. Ele vai levar \u00e0 vota\u00e7\u00e3o projeto de lei que obriga as operadoras a arcarem com os custos do tratamento oral contra o c\u00e2ncer.<\/h2>\n<p>&nbsp;<\/p>\n<p>O <a href=\"https:\/\/www.camara.leg.br\/noticias\/670574-proposta-amplia-a-cobertura-dos-planos-de-saude-para-quimioterapia-de-uso-oral\/\">projeto de lei 6.330\/19<\/a>, que permite a quimioterapia oral, j\u00e1 foi aprovado pelo Senado, mas est\u00e1 parado na C\u00e2mara por press\u00e3o dos planos de sa\u00fade. Eles se recusam a assumir esse tipo de tratamento, que trar\u00e1 mais qualidade de vida aos pacientes em tratamento de c\u00e2ncer.<\/p>\n<p>&nbsp;<\/p>\n<p>De autoria do senador Reguffe (Podemos-DF), o projeto altera a Lei dos Planos de Sa\u00fade ao ampliar o acesso a tratamentos antineopl\u00e1sicos de uso oral. Os antineopl\u00e1sicos s\u00e3o medicamentos usados para destruir neoplasmas (massa anormal de tecido) ou c\u00e9lulas malignas. Evitam ou inibem o crescimento e a dissemina\u00e7\u00e3o de tumores.<\/p>\n<p>&nbsp;<\/p>\n<p>Se aprovado, o projeto de lei revogar\u00e1 a regra que condiciona a cobertura desses tratamentos \u00e0 publica\u00e7\u00e3o, pela Ag\u00eancia Nacional de Sa\u00fade Suplementar (ANS), de protocolos cl\u00ednicos e diretrizes terap\u00eauticas.<\/p>\n<p>&nbsp;<\/p>\n<p><strong>Medicamos registrados na Anvisa<\/strong><\/p>\n<p>&nbsp;<\/p>\n<p>Para que a cobertura seja obrigat\u00f3ria pelos planos de sa\u00fade, bastar\u00e1 que os tratamentos estejam registrados junto \u00e0 Ag\u00eancia Nacional de Vigil\u00e2ncia Sanit\u00e1ria (Anvisa) com uso terap\u00eautico aprovado.<\/p>\n<p>&nbsp;<\/p>\n<p>A proposta em tramita\u00e7\u00e3o na C\u00e2mara prev\u00ea que os planos ofere\u00e7am o tratamento diretamente aos pacientes ou representantes legais por meio de rede pr\u00f3pria, credenciada, contratada ou referenciada.<\/p>\n<p>&nbsp;<\/p>\n<p>Maia, como se sabe, bateu de frente com os planos de sa\u00fade, que pediram \u00e0 ANS reajuste de 25% nas mensalidades em meio \u00e0 pandemia do novo coronav\u00edrus. Ele disse que, caso o aumento n\u00e3o fosse suspenso, o Congresso o faria.<\/p>\n<p>&nbsp;<\/p>\n<p><a href=\"https:\/\/blogs2.correiobraziliense.com.br\/vicente\/rodrigo-maia-toca-o-terror-e-diretoria-da-ans-entra-em-panico\/\">Temerosa em comprar briga com o presidente da C\u00e2mara<\/a>, a <a href=\"https:\/\/blogs2.correiobraziliense.com.br\/vicente\/ans-suspende-reajuste-de-planos-de-saude-de-quem-ja-teve-a-mensalidade-corrigida\/\">ANS recuou e congelou as mensalidades dos conv\u00eanios<\/a> m\u00e9dicos entre setembro e dezembro. Essa medida, por\u00e9m, n\u00e3o alcan\u00e7a do planos de sa\u00fade empresarias, que s\u00e3o maioria no mercado.<\/p>\n<p>&nbsp;<\/p>\n<p><em>Bras\u00edlia, 19h35min<\/em><\/p>\n","protected":false},"excerpt":{"rendered":"<p>Os planos de sa\u00fade j\u00e1 foram avisados de que o presidente da C\u00e2mara, Rodrigo Maia, comprar\u00e1 nova briga com as empresas do setor. Ele vai levar \u00e0 vota\u00e7\u00e3o projeto de lei que obriga as operadoras a arcarem com os custos do tratamento oral contra o c\u00e2ncer. &nbsp; O projeto de lei 6.330\/19, que permite a [&hellip;]<\/p>\n","protected":false},"author":22,"featured_media":10384,"comment_status":"open","ping_status":"closed","sticky":false,"template":"","format":"standard","meta":{"wpb_read_more":[],"footnotes":""},"categories":[600],"tags":[1335,4921,4925,4923,215,4924,4926,656,586,4922],"class_list":["post-15802","post","type-post","status-publish","format-standard","has-post-thumbnail","hentry","category-economia","tag-cancer","tag-nova-briga","tag-operadoras","tag-oral","tag-planos-de-saude","tag-quimioterapia","tag-reguffe","tag-rodrigo-maia","tag-senado","tag-tratamento"],"_links":{"self":[{"href":"https:\/\/blogs2.correiobraziliense.com.br\/vicente\/wp-json\/wp\/v2\/posts\/15802","targetHints":{"allow":["GET"]}}],"collection":[{"href":"https:\/\/blogs2.correiobraziliense.com.br\/vicente\/wp-json\/wp\/v2\/posts"}],"about":[{"href":"https:\/\/blogs2.correiobraziliense.com.br\/vicente\/wp-json\/wp\/v2\/types\/post"}],"author":[{"embeddable":true,"href":"https:\/\/blogs2.correiobraziliense.com.br\/vicente\/wp-json\/wp\/v2\/users\/22"}],"replies":[{"embeddable":true,"href":"https:\/\/blogs2.correiobraziliense.com.br\/vicente\/wp-json\/wp\/v2\/comments?post=15802"}],"version-history":[{"count":1,"href":"https:\/\/blogs2.correiobraziliense.com.br\/vicente\/wp-json\/wp\/v2\/posts\/15802\/revisions"}],"predecessor-version":[{"id":15803,"href":"https:\/\/blogs2.correiobraziliense.com.br\/vicente\/wp-json\/wp\/v2\/posts\/15802\/revisions\/15803"}],"wp:featuredmedia":[{"embeddable":true,"href":"https:\/\/blogs2.correiobraziliense.com.br\/vicente\/wp-json\/wp\/v2\/media\/10384"}],"wp:attachment":[{"href":"https:\/\/blogs2.correiobraziliense.com.br\/vicente\/wp-json\/wp\/v2\/media?parent=15802"}],"wp:term":[{"taxonomy":"category","embeddable":true,"href":"https:\/\/blogs2.correiobraziliense.com.br\/vicente\/wp-json\/wp\/v2\/categories?post=15802"},{"taxonomy":"post_tag","embeddable":true,"href":"https:\/\/blogs2.correiobraziliense.com.br\/vicente\/wp-json\/wp\/v2\/tags?post=15802"}],"curies":[{"name":"wp","href":"https:\/\/api.w.org\/{rel}","templated":true}]}}